{"id":1872,"date":"2008-07-11T15:46:48","date_gmt":"2008-07-11T14:46:48","guid":{"rendered":"http:\/\/heijbel.wordpress.com\/2008\/07\/11\/intervjuad-i-p1"},"modified":"2008-07-11T15:46:48","modified_gmt":"2008-07-11T14:46:48","slug":"intervjuad-i-p1","status":"publish","type":"post","link":"https:\/\/storytellers.se\/?p=1872","title":{"rendered":"Intervjuad i P1"},"content":{"rendered":"<p>I dag intervjuades jag i direkts\u00e4ndning i <strong>P1 Morgon<\/strong>. Det var f\u00f6r att de ville visa storytellingaspekten av Apples lansering av <strong>Iphone<\/strong> i Sverige klockan <strong>00.00.01<\/strong> i morse. Varum\u00e4rkesevangelisterna k\u00f6ade i natt utanf\u00f6r applebutikerna. Detta var grunden f\u00f6r intervjun. <a href=\"http:\/\/www.sr.se\/cgi-bin\/p1\/kanalarkiv.asp?ProgramId=1650&amp;NrOfDaysInArchive=1\"><strong> H\u00e4r \u00e4r den<\/strong><\/a>, med datum 11 juli, \u00e5tminstone till den 11 augusti.<\/p>\n","protected":false},"excerpt":{"rendered":"<p>I dag intervjuades jag i direkts\u00e4ndning i P1 Morgon. Det var f\u00f6r att de ville visa storytellingaspekten av Apples lansering av Iphone i Sverige klockan 00.00.01 i morse. Varum\u00e4rkesevangelisterna k\u00f6ade i natt utanf\u00f6r applebutikerna. Detta var grunden f\u00f6r intervjun. H\u00e4r \u00e4r den, med datum 11 juli, \u00e5tminstone till den 11 augusti.<\/p>\n","protected":false},"author":2,"featured_media":0,"comment_status":"open","ping_status":"closed","sticky":false,"template":"","format":"standard","meta":[],"categories":[3],"tags":[],"_links":{"self":[{"href":"https:\/\/storytellers.se\/index.php?rest_route=\/wp\/v2\/posts\/1872"}],"collection":[{"href":"https:\/\/storytellers.se\/index.php?rest_route=\/wp\/v2\/posts"}],"about":[{"href":"https:\/\/storytellers.se\/index.php?rest_route=\/wp\/v2\/types\/post"}],"author":[{"embeddable":true,"href":"https:\/\/storytellers.se\/index.php?rest_route=\/wp\/v2\/users\/2"}],"replies":[{"embeddable":true,"href":"https:\/\/storytellers.se\/index.php?rest_route=%2Fwp%2Fv2%2Fcomments&post=1872"}],"version-history":[{"count":0,"href":"https:\/\/storytellers.se\/index.php?rest_route=\/wp\/v2\/posts\/1872\/revisions"}],"wp:attachment":[{"href":"https:\/\/storytellers.se\/index.php?rest_route=%2Fwp%2Fv2%2Fmedia&parent=1872"}],"wp:term":[{"taxonomy":"category","embeddable":true,"href":"https:\/\/storytellers.se\/index.php?rest_route=%2Fwp%2Fv2%2Fcategories&post=1872"},{"taxonomy":"post_tag","embeddable":true,"href":"https:\/\/storytellers.se\/index.php?rest_route=%2Fwp%2Fv2%2Ftags&post=1872"}],"curies":[{"name":"wp","href":"https:\/\/api.w.org\/{rel}","templated":true}]}}