{"id":1870,"date":"2008-07-03T12:40:42","date_gmt":"2008-07-03T11:40:42","guid":{"rendered":"http:\/\/heijbel.wordpress.com\/2008\/07\/03\/8-tankar-om-storytelling"},"modified":"2008-07-03T12:40:42","modified_gmt":"2008-07-03T11:40:42","slug":"8-tankar-om-storytelling","status":"publish","type":"post","link":"https:\/\/storytellers.se\/?p=1870","title":{"rendered":"8 tankar om storytelling"},"content":{"rendered":"<p><strong>Fr\u00e5ga:<\/strong><br \/>\nHar du n\u00e5gra tips till den som vill prova p\u00e5 storytelling i ett f\u00f6retag?<br \/>\n<strong>Svar:<\/strong><br \/>\nDet beror p\u00e5 hur du ska anv\u00e4nda organisationsber\u00e4ttelserna, vad du vill att de ska \u00e5stadkomma. Men n\u00e5gra allm\u00e4nna tankar att fundera \u00f6ver har du h\u00e4r:<\/p>\n<p><!--more--><br \/>\n<em>Ber\u00e4tta om n\u00e5got som faktiskt h\u00e4nt.<br \/>\nSikta mer mot hj\u00e4rtat \u00e4n mot hj\u00e4rnan.<br \/>\nF\u00f6rs\u00f6k ber\u00f6ra emotionellt.<br \/>\nBer\u00e4tta i bilder och scener.<br \/>\nVar kortfattad.<br \/>\nAnv\u00e4nd inte f\u00f6r mycket fakta och siffror.<br \/>\nF\u00f6rs\u00f6k uppn\u00e5 tydliga dramaturgiska h\u00f6jdpunkter.<br \/>\nSprid ber\u00e4ttelserna i alla t\u00e4nkbara sammanhang.<\/em><\/p>\n","protected":false},"excerpt":{"rendered":"<p>Fr\u00e5ga: Har du n\u00e5gra tips till den som vill prova p\u00e5 storytelling i ett f\u00f6retag? Svar: Det beror p\u00e5 hur du ska anv\u00e4nda organisationsber\u00e4ttelserna, vad du vill att de ska \u00e5stadkomma. Men n\u00e5gra allm\u00e4nna tankar att fundera \u00f6ver har du h\u00e4r:<\/p>\n","protected":false},"author":2,"featured_media":0,"comment_status":"open","ping_status":"closed","sticky":false,"template":"","format":"standard","meta":[],"categories":[6],"tags":[],"_links":{"self":[{"href":"https:\/\/storytellers.se\/index.php?rest_route=\/wp\/v2\/posts\/1870"}],"collection":[{"href":"https:\/\/storytellers.se\/index.php?rest_route=\/wp\/v2\/posts"}],"about":[{"href":"https:\/\/storytellers.se\/index.php?rest_route=\/wp\/v2\/types\/post"}],"author":[{"embeddable":true,"href":"https:\/\/storytellers.se\/index.php?rest_route=\/wp\/v2\/users\/2"}],"replies":[{"embeddable":true,"href":"https:\/\/storytellers.se\/index.php?rest_route=%2Fwp%2Fv2%2Fcomments&post=1870"}],"version-history":[{"count":0,"href":"https:\/\/storytellers.se\/index.php?rest_route=\/wp\/v2\/posts\/1870\/revisions"}],"wp:attachment":[{"href":"https:\/\/storytellers.se\/index.php?rest_route=%2Fwp%2Fv2%2Fmedia&parent=1870"}],"wp:term":[{"taxonomy":"category","embeddable":true,"href":"https:\/\/storytellers.se\/index.php?rest_route=%2Fwp%2Fv2%2Fcategories&post=1870"},{"taxonomy":"post_tag","embeddable":true,"href":"https:\/\/storytellers.se\/index.php?rest_route=%2Fwp%2Fv2%2Ftags&post=1870"}],"curies":[{"name":"wp","href":"https:\/\/api.w.org\/{rel}","templated":true}]}}