{"id":1864,"date":"2008-07-01T21:33:26","date_gmt":"2008-07-01T20:33:26","guid":{"rendered":"http:\/\/heijbel.wordpress.com\/2008\/07\/01\/pa-safsenveckan"},"modified":"2008-07-01T21:33:26","modified_gmt":"2008-07-01T20:33:26","slug":"pa-safsenveckan","status":"publish","type":"post","link":"https:\/\/storytellers.se\/?p=1864","title":{"rendered":"P\u00e5 S\u00e4fsenveckan"},"content":{"rendered":"<p>N\u00e4sta vecka \u00e4r det den s\u00e5 kallade<a href=\"http:\/\/www.hembygd.se\/index.asp?DocID=3545\"><strong> S\u00e4fsenveckan<\/strong><\/a> i Ludvikas finnmarker. S\u00e4fsenanl\u00e4ggnngen \u00e4r f\u00f6r \u00f6vrigt internationellt nominerad till en av Sveriges fem b\u00e4sta upplevelser. Den 10 juli \u00e4r det Fredriksbergsdagen. D\u00e5 ska jag och konstn\u00e4ren <a href=\"http:\/\/www.mariabackman.com\"><strong> Maria Backman<\/strong><\/a>, med glimten i \u00f6gat, f\u00f6rs\u00f6ka k\u00f6pa S\u00e4fsen- och Fredriksbergsstories av bes\u00f6karna. En story mot en fika. G\u00e4rna ber\u00e4ttelser fr\u00e5n modern tid och&#8230;<\/p>\n<p><!--more--><br \/>\n&#8230;visioner om framtiden. Detta ing\u00e5r i ett projekt, <em>Migrerande Museum<\/em>, med fokus p\u00e5 museet som offentlig plats, som bland annat utg\u00e5r fr\u00e5n ber\u00e4ttelser fr\u00e5n ett antal Dalakommuner och f\u00f6retag. Maria Backman har involverat mig som Corporate Storyteller. Hon ska sen, som konstn\u00e4r, gestalta ber\u00e4ttelserna \u00e4r det t\u00e4nkt.<\/p>\n","protected":false},"excerpt":{"rendered":"<p>N\u00e4sta vecka \u00e4r det den s\u00e5 kallade S\u00e4fsenveckan i Ludvikas finnmarker. S\u00e4fsenanl\u00e4ggnngen \u00e4r f\u00f6r \u00f6vrigt internationellt nominerad till en av Sveriges fem b\u00e4sta upplevelser. Den 10 juli \u00e4r det Fredriksbergsdagen. D\u00e5 ska jag och konstn\u00e4ren Maria Backman, med glimten i \u00f6gat, f\u00f6rs\u00f6ka k\u00f6pa S\u00e4fsen- och Fredriksbergsstories av bes\u00f6karna. En story mot en fika. G\u00e4rna ber\u00e4ttelser&#8230;<\/p>\n","protected":false},"author":2,"featured_media":0,"comment_status":"open","ping_status":"closed","sticky":false,"template":"","format":"standard","meta":[],"categories":[9],"tags":[],"_links":{"self":[{"href":"https:\/\/storytellers.se\/index.php?rest_route=\/wp\/v2\/posts\/1864"}],"collection":[{"href":"https:\/\/storytellers.se\/index.php?rest_route=\/wp\/v2\/posts"}],"about":[{"href":"https:\/\/storytellers.se\/index.php?rest_route=\/wp\/v2\/types\/post"}],"author":[{"embeddable":true,"href":"https:\/\/storytellers.se\/index.php?rest_route=\/wp\/v2\/users\/2"}],"replies":[{"embeddable":true,"href":"https:\/\/storytellers.se\/index.php?rest_route=%2Fwp%2Fv2%2Fcomments&post=1864"}],"version-history":[{"count":0,"href":"https:\/\/storytellers.se\/index.php?rest_route=\/wp\/v2\/posts\/1864\/revisions"}],"wp:attachment":[{"href":"https:\/\/storytellers.se\/index.php?rest_route=%2Fwp%2Fv2%2Fmedia&parent=1864"}],"wp:term":[{"taxonomy":"category","embeddable":true,"href":"https:\/\/storytellers.se\/index.php?rest_route=%2Fwp%2Fv2%2Fcategories&post=1864"},{"taxonomy":"post_tag","embeddable":true,"href":"https:\/\/storytellers.se\/index.php?rest_route=%2Fwp%2Fv2%2Ftags&post=1864"}],"curies":[{"name":"wp","href":"https:\/\/api.w.org\/{rel}","templated":true}]}}