{"id":1862,"date":"2008-06-30T16:37:38","date_gmt":"2008-06-30T15:37:38","guid":{"rendered":"http:\/\/heijbel.wordpress.com\/2008\/06\/30\/expressen-om-storytelling"},"modified":"2008-06-30T16:37:38","modified_gmt":"2008-06-30T15:37:38","slug":"expressen-om-storytelling","status":"publish","type":"post","link":"https:\/\/storytellers.se\/?p=1862","title":{"rendered":"Expressen om storytelling"},"content":{"rendered":"<p><strong>Maja Aase<\/strong> skriver om ber\u00e4ttelser p\u00e5 <strong>Expressens<\/strong> kultursida och p\u00e5 expressen.se. D\u00e4r ber\u00f6r hon ocks\u00e5 den typ av Storytelling som jag representerar och som en stor del av storytellinglitteraturen beskriver. Min uppfattning \u00e4r att de stora tidningarna \u00e4nnu inte har f\u00f6rst\u00e5tt v\u00e4rdet av organisationskultur utan de r\u00f6r sig envist i kultur-kulturen. Jag har d\u00e4rf\u00f6r <a href=\"http:\/\/www.expressen.se\/kultur\/1.1213188\/berattarboom?err=Tack%20f&ouml;r%20din%20kommentar!\"><strong>kommenterat<\/strong><\/a> detta p\u00e5 expressen.se.<\/p>\n","protected":false},"excerpt":{"rendered":"<p>Maja Aase skriver om ber\u00e4ttelser p\u00e5 Expressens kultursida och p\u00e5 expressen.se. D\u00e4r ber\u00f6r hon ocks\u00e5 den typ av Storytelling som jag representerar och som en stor del av storytellinglitteraturen beskriver. Min uppfattning \u00e4r att de stora tidningarna \u00e4nnu inte har f\u00f6rst\u00e5tt v\u00e4rdet av organisationskultur utan de r\u00f6r sig envist i kultur-kulturen. Jag har d\u00e4rf\u00f6r kommenterat&#8230;<\/p>\n","protected":false},"author":2,"featured_media":0,"comment_status":"open","ping_status":"closed","sticky":false,"template":"","format":"standard","meta":[],"categories":[3],"tags":[],"_links":{"self":[{"href":"https:\/\/storytellers.se\/index.php?rest_route=\/wp\/v2\/posts\/1862"}],"collection":[{"href":"https:\/\/storytellers.se\/index.php?rest_route=\/wp\/v2\/posts"}],"about":[{"href":"https:\/\/storytellers.se\/index.php?rest_route=\/wp\/v2\/types\/post"}],"author":[{"embeddable":true,"href":"https:\/\/storytellers.se\/index.php?rest_route=\/wp\/v2\/users\/2"}],"replies":[{"embeddable":true,"href":"https:\/\/storytellers.se\/index.php?rest_route=%2Fwp%2Fv2%2Fcomments&post=1862"}],"version-history":[{"count":0,"href":"https:\/\/storytellers.se\/index.php?rest_route=\/wp\/v2\/posts\/1862\/revisions"}],"wp:attachment":[{"href":"https:\/\/storytellers.se\/index.php?rest_route=%2Fwp%2Fv2%2Fmedia&parent=1862"}],"wp:term":[{"taxonomy":"category","embeddable":true,"href":"https:\/\/storytellers.se\/index.php?rest_route=%2Fwp%2Fv2%2Fcategories&post=1862"},{"taxonomy":"post_tag","embeddable":true,"href":"https:\/\/storytellers.se\/index.php?rest_route=%2Fwp%2Fv2%2Ftags&post=1862"}],"curies":[{"name":"wp","href":"https:\/\/api.w.org\/{rel}","templated":true}]}}