{"id":1860,"date":"2008-06-30T14:31:16","date_gmt":"2008-06-30T13:31:16","guid":{"rendered":"http:\/\/heijbel.wordpress.com\/2008\/06\/30\/samarbete-med-flen"},"modified":"2008-06-30T14:31:16","modified_gmt":"2008-06-30T13:31:16","slug":"samarbete-med-flen","status":"publish","type":"post","link":"https:\/\/storytellers.se\/?p=1860","title":{"rendered":"Samarbete med Flen"},"content":{"rendered":"<p>Jag har nu tr\u00e4ffat avtal om ett samarbete med <a href=\"http:\/\/www.flen.se\"><strong> Flens kommun.<\/strong><\/a> Jag ska inspirationsf\u00f6rel\u00e4sa f\u00f6r chefer och politiker. Sen fyller vi p\u00e5 med en sk\u00f6rdefest n\u00e5gra veckor senare.  Vi ska s\u00f6ka, finna och utveckla n\u00e5gra Flensber\u00e4ttelser som kan ladda just Flens varum\u00e4rke med emotionella bilder som visar just denna kommuns speciella profil och unika s\u00e4rdrag. Jag r\u00e4knar med att det blir n\u00e5got mer \u00e4n violen som \u00e4ldre generationer ofta k\u00e4nner v\u00e4l till. Nu ska jag, hur som helst, b\u00f6rja med att l\u00e4sa p\u00e5 och g\u00f6ra en grundlig rundresa i Flens kommun. Flen \u00e4r en av de minsta kommunerna i S\u00f6rmland och jag har faktiskt lite anknytning till bygden.<\/p>\n","protected":false},"excerpt":{"rendered":"<p>Jag har nu tr\u00e4ffat avtal om ett samarbete med Flens kommun. Jag ska inspirationsf\u00f6rel\u00e4sa f\u00f6r chefer och politiker. Sen fyller vi p\u00e5 med en sk\u00f6rdefest n\u00e5gra veckor senare. Vi ska s\u00f6ka, finna och utveckla n\u00e5gra Flensber\u00e4ttelser som kan ladda just Flens varum\u00e4rke med emotionella bilder som visar just denna kommuns speciella profil och unika s\u00e4rdrag&#8230;.<\/p>\n","protected":false},"author":2,"featured_media":0,"comment_status":"open","ping_status":"closed","sticky":false,"template":"","format":"standard","meta":[],"categories":[9],"tags":[],"_links":{"self":[{"href":"https:\/\/storytellers.se\/index.php?rest_route=\/wp\/v2\/posts\/1860"}],"collection":[{"href":"https:\/\/storytellers.se\/index.php?rest_route=\/wp\/v2\/posts"}],"about":[{"href":"https:\/\/storytellers.se\/index.php?rest_route=\/wp\/v2\/types\/post"}],"author":[{"embeddable":true,"href":"https:\/\/storytellers.se\/index.php?rest_route=\/wp\/v2\/users\/2"}],"replies":[{"embeddable":true,"href":"https:\/\/storytellers.se\/index.php?rest_route=%2Fwp%2Fv2%2Fcomments&post=1860"}],"version-history":[{"count":0,"href":"https:\/\/storytellers.se\/index.php?rest_route=\/wp\/v2\/posts\/1860\/revisions"}],"wp:attachment":[{"href":"https:\/\/storytellers.se\/index.php?rest_route=%2Fwp%2Fv2%2Fmedia&parent=1860"}],"wp:term":[{"taxonomy":"category","embeddable":true,"href":"https:\/\/storytellers.se\/index.php?rest_route=%2Fwp%2Fv2%2Fcategories&post=1860"},{"taxonomy":"post_tag","embeddable":true,"href":"https:\/\/storytellers.se\/index.php?rest_route=%2Fwp%2Fv2%2Ftags&post=1860"}],"curies":[{"name":"wp","href":"https:\/\/api.w.org\/{rel}","templated":true}]}}