{"id":1858,"date":"2008-06-25T12:07:54","date_gmt":"2008-06-25T11:07:54","guid":{"rendered":"http:\/\/heijbel.wordpress.com\/2008\/06\/25\/grant-thorntonberattelser"},"modified":"2008-06-25T12:07:54","modified_gmt":"2008-06-25T11:07:54","slug":"grant-thorntonberattelser","status":"publish","type":"post","link":"https:\/\/storytellers.se\/?p=1858","title":{"rendered":"Grant Thorntonber\u00e4ttelser"},"content":{"rendered":"<p>Sommaren 2008 h\u00f6ll jag i en stor sk\u00f6rdefest hos Lindebergs Grant Thornton, numera omd\u00f6pt till <strong>Grant Thornton<\/strong>, helt enkelt. 700 medarbetare fr\u00e5n 32 svenska kontor delade med sig av sitt ber\u00e4ttarkapital. Grant Thornton ger r\u00e5d och st\u00f6d i ekonomiska fr\u00e5gor arbetar med revision och redovisning och har fokus p\u00e5 \u00e4garledda f\u00f6retag. Nu kommer deras \u00e5rsredovisning och de har&#8230;<\/p>\n<p><!--more--><br \/>\n&#8230;valt att l\u00e4gga in n\u00e5gra ber\u00e4ttelser i sj\u00e4lva \u00e5rsredovisningen vilket jag tycker \u00e4r fr\u00e4scht. Konstigt att inte alla g\u00f6r det. Det \u00e4r klart att medarbetare, \u00e4gare och andra intressenter g\u00e4rna tar del av dessa ber\u00e4ttelser h\u00e4mtade fr\u00e5n verkligheten.<br \/>\nJag tycker absolut att man kan redovisa ocks\u00e5 delar av ber\u00e4ttarkapitalet i den \u00e5rliga redovisningen av sin organisation.<br \/>\n<strong>S\u00e5 h\u00e4r lyder en Grant Thorntonber\u00e4ttelse:<br \/>\n<\/strong><br \/>\n&#8221;<em> En nyanst\u00e4lld medarbetare p\u00e5 Grant Thornton hade utan framg\u00e5ng f\u00f6rs\u00f6kt f\u00e5 till ett m\u00f6te med en av de h\u00f6gsta cheferna, men almanackorna krockade g\u00e5ng p\u00e5 g\u00e5ng och den enda luckan i chefens kalender verkade finnas en kv\u00e4ll n\u00e4r den nyanst\u00e4llde konsulten befann sig utanf\u00f6r stan p\u00e5 en utbildning.<br \/>\nDen f\u00e4rske konsulten kontaktade d\u00e5 chefen f\u00f6r att f\u00e5 ihop pusslet och fick svaret:<br \/>\n\u2013 Jag kan komma ut till kursg\u00e5rden efter kontorstid s\u00e5 klarar vi av det d\u00e4r m\u00f6tet. Du slipper bryta kursen och jag hinner med mina andra m\u00f6ten.<br \/>\nDet var d\u00e5 den nye medarbetaren f\u00f6rstod att snacket om Grant Thorntons platta organisation faktiskt st\u00e4mde med verkligheten.&#8221;<\/em><\/p>\n","protected":false},"excerpt":{"rendered":"<p>Sommaren 2008 h\u00f6ll jag i en stor sk\u00f6rdefest hos Lindebergs Grant Thornton, numera omd\u00f6pt till Grant Thornton, helt enkelt. 700 medarbetare fr\u00e5n 32 svenska kontor delade med sig av sitt ber\u00e4ttarkapital. Grant Thornton ger r\u00e5d och st\u00f6d i ekonomiska fr\u00e5gor arbetar med revision och redovisning och har fokus p\u00e5 \u00e4garledda f\u00f6retag. Nu kommer deras \u00e5rsredovisning&#8230;<\/p>\n","protected":false},"author":2,"featured_media":0,"comment_status":"open","ping_status":"closed","sticky":false,"template":"","format":"standard","meta":[],"categories":[4],"tags":[],"_links":{"self":[{"href":"https:\/\/storytellers.se\/index.php?rest_route=\/wp\/v2\/posts\/1858"}],"collection":[{"href":"https:\/\/storytellers.se\/index.php?rest_route=\/wp\/v2\/posts"}],"about":[{"href":"https:\/\/storytellers.se\/index.php?rest_route=\/wp\/v2\/types\/post"}],"author":[{"embeddable":true,"href":"https:\/\/storytellers.se\/index.php?rest_route=\/wp\/v2\/users\/2"}],"replies":[{"embeddable":true,"href":"https:\/\/storytellers.se\/index.php?rest_route=%2Fwp%2Fv2%2Fcomments&post=1858"}],"version-history":[{"count":0,"href":"https:\/\/storytellers.se\/index.php?rest_route=\/wp\/v2\/posts\/1858\/revisions"}],"wp:attachment":[{"href":"https:\/\/storytellers.se\/index.php?rest_route=%2Fwp%2Fv2%2Fmedia&parent=1858"}],"wp:term":[{"taxonomy":"category","embeddable":true,"href":"https:\/\/storytellers.se\/index.php?rest_route=%2Fwp%2Fv2%2Fcategories&post=1858"},{"taxonomy":"post_tag","embeddable":true,"href":"https:\/\/storytellers.se\/index.php?rest_route=%2Fwp%2Fv2%2Ftags&post=1858"}],"curies":[{"name":"wp","href":"https:\/\/api.w.org\/{rel}","templated":true}]}}