{"id":1852,"date":"2008-06-18T19:55:17","date_gmt":"2008-06-18T18:55:17","guid":{"rendered":"http:\/\/heijbel.wordpress.com\/2008\/06\/18\/forvaltningscheferna-i-botkyrka"},"modified":"2008-06-18T19:55:17","modified_gmt":"2008-06-18T18:55:17","slug":"forvaltningscheferna-i-botkyrka","status":"publish","type":"post","link":"https:\/\/storytellers.se\/?p=1852","title":{"rendered":"F\u00f6rvaltningscheferna i Botkyrka"},"content":{"rendered":"<p>Botkyrka kommun \u00e4r mycket kaxig och speciell. Snart med 80.000 inv\u00e5nare. I dag har jag tr\u00e4ffat f\u00f6rvaltningscheferna och vi har diskuterat hur vi ska kunna p\u00e5verka bilden av Botkyrka med <strong><em>Storytelling in and about Organizations<\/em><\/strong>. Vill man p\u00e5verka snacket f\u00e5r man leverera, emotionellt kapital.<\/p>\n","protected":false},"excerpt":{"rendered":"<p>Botkyrka kommun \u00e4r mycket kaxig och speciell. Snart med 80.000 inv\u00e5nare. I dag har jag tr\u00e4ffat f\u00f6rvaltningscheferna och vi har diskuterat hur vi ska kunna p\u00e5verka bilden av Botkyrka med Storytelling in and about Organizations. Vill man p\u00e5verka snacket f\u00e5r man leverera, emotionellt kapital.<\/p>\n","protected":false},"author":2,"featured_media":0,"comment_status":"open","ping_status":"closed","sticky":false,"template":"","format":"standard","meta":[],"categories":[2],"tags":[],"_links":{"self":[{"href":"https:\/\/storytellers.se\/index.php?rest_route=\/wp\/v2\/posts\/1852"}],"collection":[{"href":"https:\/\/storytellers.se\/index.php?rest_route=\/wp\/v2\/posts"}],"about":[{"href":"https:\/\/storytellers.se\/index.php?rest_route=\/wp\/v2\/types\/post"}],"author":[{"embeddable":true,"href":"https:\/\/storytellers.se\/index.php?rest_route=\/wp\/v2\/users\/2"}],"replies":[{"embeddable":true,"href":"https:\/\/storytellers.se\/index.php?rest_route=%2Fwp%2Fv2%2Fcomments&post=1852"}],"version-history":[{"count":0,"href":"https:\/\/storytellers.se\/index.php?rest_route=\/wp\/v2\/posts\/1852\/revisions"}],"wp:attachment":[{"href":"https:\/\/storytellers.se\/index.php?rest_route=%2Fwp%2Fv2%2Fmedia&parent=1852"}],"wp:term":[{"taxonomy":"category","embeddable":true,"href":"https:\/\/storytellers.se\/index.php?rest_route=%2Fwp%2Fv2%2Fcategories&post=1852"},{"taxonomy":"post_tag","embeddable":true,"href":"https:\/\/storytellers.se\/index.php?rest_route=%2Fwp%2Fv2%2Ftags&post=1852"}],"curies":[{"name":"wp","href":"https:\/\/api.w.org\/{rel}","templated":true}]}}