{"id":1844,"date":"2008-06-12T16:14:36","date_gmt":"2008-06-12T15:14:36","guid":{"rendered":"http:\/\/heijbel.wordpress.com\/2008\/06\/12\/nyhetsbrev-34-hultsfred-och-bertil"},"modified":"2008-06-12T16:14:36","modified_gmt":"2008-06-12T15:14:36","slug":"nyhetsbrev-34-hultsfred-och-bertil","status":"publish","type":"post","link":"https:\/\/storytellers.se\/?p=1844","title":{"rendered":"Nyhetsbrev 34: Hultsfred och Bertil"},"content":{"rendered":"<p>I dag har nyhetsbrevet g\u00e5tt ut till n\u00e4rmare 2000 prenumeranter som bett om att f\u00e5 f\u00f6lja utvecklingen p\u00e5 storytellerfronten. Vill du ocks\u00e5 ha det n\u00e5gon g\u00e5ng i m\u00e5naden s\u00e5 scrolla till h\u00f6ger eller skicka ett mail till nyhetsbrev@storytellers.se<br \/>\nL\u00e4s det aktuella brevet genom klicka p\u00e5 l\u00e4nken h\u00e4r under<\/p>\n<p><!--more--><br \/>\nHej storytellerv\u00e4n<br \/>\nDet \u00e4r dags f\u00f6r nyhetsbrev 34 fr\u00e5n storytellers.se. Storytellers.se har ambitionen att vara den sj\u00e4lvklara m\u00f6tesplatsen p\u00e5 n\u00e4tet f\u00f6r dem som p\u00e5 svenska spr\u00e5ket intresserar sig f\u00f6r Storytelling i och om Organisationer. Nyhetsbrevet kommer n\u00e5gon g\u00e5ng i m\u00e5naden och refererar i huvudsak till det som h\u00e4nt p\u00e5 bloggen den senaste m\u00e5naden.<br \/>\n+++++++++++++++++++++++++++++++++++++++++++++++++<br \/>\nDet var p\u00e5 80-talet som <strong>Putte Svensson<\/strong> en dag gick till sporthallen i Hultsfred f\u00f6r att tr\u00e4na basket. N\u00e5got han brukade g\u00f6ra d\u00e5 och d\u00e5. Den h\u00e4r g\u00e5ngen tr\u00e4ffade han <strong>H\u00e5kan Waxeg\u00e5rd<\/strong> som jobbade extra i hallen. Putte gick p\u00e5 h\u00f6gstadiet och H\u00e5kan p\u00e5 gymnasiet.<br \/>\nB\u00e5da ville ha mer Rock i Hultsfred&#8230;.s\u00e5 varf\u00f6r inte g\u00f6ra n\u00e5got ist\u00e4llet f\u00f6r att bara g\u00e5 och sucka.<br \/>\nVarf\u00f6r skulle Hultsfredsborna beh\u00f6va \u00e5ka till storst\u00e4derna f\u00f6r att f\u00e5 lite bra Rock\u00b4n Roll? Putte och H\u00e5kan var tr\u00f6tta p\u00e5 det och tr\u00e4ffades flera g\u00e5nger f\u00f6r att hitta en l\u00f6sning. Snart hade de bildat f\u00f6reningen <strong>Rockparty<\/strong> som b\u00f6rjade arrangera konserter i just sporthallen.<br \/>\nN\u00e5gra \u00e5r senare, 1986, ringde en bokningsbyr\u00e5 och f\u00f6reslog att Rockparty skulle boka tv\u00e5 av de fyra lediga utl\u00e4ndska band som fortfarande var obokade i Sverige andra helgen i augusti.<br \/>\nPutte och H\u00e5kan gillade id\u00e9n, trots skral kassa, men kunde inte v\u00e4lja vilka tv\u00e5 av de fyra banden de skulle v\u00e4lja s\u00e5 de bokade alla fyra. Det var s\u00e5 <strong>Hultsfredsfestivalen<\/strong> kom till. Startad av n\u00e5gra entusiaster som fick l\u00e5na sig fram ekonomiskt bland v\u00e4nner och lokala f\u00f6retagare.<br \/>\nIdag k\u00e4nner nittio\u00e5tta procent av svenskarna till Hultsfred. Hultsfred \u00e4r ett av Sveriges starkaste varum\u00e4rken. Kommunen satsar medvetet p\u00e5 att vara en Rock\u00b4n Rollkommun och hela kommunens planering p\u00e5verkas av detta.<br \/>\n+++++++++++++++++++++++++++++++++++++++++++++++++<br \/>\nEn slags place branding skulle man kunna kalla ber\u00e4ttelsen om Hultsfred. Pojkarna som m\u00f6ttes i sporthallen har faktiskt p\u00e5verkat hela utvecklingen i Hultsfred och \u00e5rets festival p\u00e5g\u00e5r just nu.<br \/>\nI <strong>Sickla<\/strong> har jag varit involverad i de nyligen installerade storyduscharna. Tillsammans med <strong>Lexter<\/strong> har jag laddat gallerian med sex ber\u00e4ttelser om platsen Sickla. Den som vill kan s\u00e4tta sig i en stol n\u00e4r han eller hon v\u00e4ntar eller tar en paus.<br \/>\nD\u00e4r ber\u00e4ttas om gruvan som finns under Sickla k\u00f6pkvarter, om ambitionen att bygga en helt ny stadsk\u00e4rna i Sickla, helt n\u00e4ra <strong>Hammary Sj\u00f6stad<\/strong>, om roddarmadamerna som brukade ro ut stockholmare dit, om italienarna som gav <strong>Atlas Copco<\/strong> internationellt kvalitetsrykte, om glasbl\u00e5serskan med mera.<br \/>\nDen som lyssnar ska f\u00f6rhoppningsvis bli fascinerad och ber\u00e4tta vidare. D\u00e4rmed laddar vi Sickla med kulturella merv\u00e4rden och visioner som underl\u00e4ttar den utveckling som fastighets\u00e4gare, Nacka kommun och aff\u00e4rsidkare ser framf\u00f6r sig,<br \/>\nOch vi ber\u00e4ttar om detta, anekdotiskt i storyduscharna.<br \/>\n+++++++++++++++++++++++++++++++++++++++++++++++++<br \/>\nStorytelling handlar om att sk\u00f6rda ber\u00e4ttelser och leverera ber\u00e4ttelser som p\u00e5verkar snacket. Jag l\u00e4ste en rapport om att <strong>Word of Mouth<\/strong> framf\u00f6rallt p\u00e5verkar kvinnor. Den texten, med l\u00e4nkar vidare, hittar du p\u00e5 storytellers.se med datum den 13 maj. Kan det verkligen vara s\u00e5 att kvinnor \u00e4r mer l\u00e4mpade att f\u00e5nga upp och fatta beslut p\u00e5 grundval av snacket \u00e4n m\u00e4n?<br \/>\nHur som helst s\u00e5 fattas allt fler beslut, speciellt hos dem under 35, utifr\u00e5n det snack de m\u00f6ter p\u00e5 n\u00e4tet och bland sina v\u00e4nner. Traditionell reklam utmanas av nya kommunikationsmodeller d\u00e4r en \u00e4r storytelling i och om organisationer, varor och tj\u00e4nster.<br \/>\nInte l\u00e4ser mina ton\u00e5rsbarn de specialsydda tidningar och DR-budskap som ramlar \u00f6ver dem. De lyssnar av den sociala webben innan de best\u00e4mmer sig.<br \/>\nMen den som startar en f\u00f6retagsblogg b\u00f6r vara klar \u00f6ver att t\u00e5lamodet \u00e4r kort p\u00e5 Webb 2.0. En webbpratande VD som ber\u00e4ttar om sin senaste skogspromenad eller helgresa b\u00f6r ta sig en funderare. Vad \u00e4r det du vill ber\u00e4tta? Vem tror du att du talar med? Varf\u00f6r och vilka v\u00e4rderingar \u00e4r det du levererar som f\u00f6retagsbloggare?<br \/>\nDet finns gott om f\u00f6retagsbloggar som helt enkelt f\u00f6rst\u00e4rker bilden av en sj\u00e4lvcentrerad ansiktsl\u00f6s organisation. D\u00e5 g\u00f6r bloggen kanske bara skada. Det \u00e4r synd eftersom de aktiva n\u00e4tsurfarna kan vara de viktigaste supportrarna f\u00f6retaget har d\u00e4r ute  i den sociala webben.<br \/>\n+++++++++++++++++++++++++++++++++++++++++++++++++<br \/>\nJag har p\u00e5 senare tid blivit intervjuad i en rad tidningar. Postens f\u00f6retagartidning <strong>Du &amp; Co<\/strong>, n\u00e4t- och papperstidningen <strong>Cio Sweden<\/strong> f\u00f6r IT-chefer, <strong>Civilekonomen<\/strong> och det sammanslagna fackf\u00f6rbundet Unionens tidning <strong>Position<\/strong>. Alla dessa v\u00e4nder sig till chefer av olika slag.<br \/>\nS\u00e5 \u00e4r det. Storytelling \u00e4r ett utm\u00e4rkt chefsverktyg<br \/>\nJag coachar ofta toppchefer som vill ta sig ur power-point-tv\u00e5nget f\u00f6r att f\u00f6rs\u00f6ka ber\u00e4tta mer emotionellt om vad organisationen kommer ifr\u00e5n, befinner sig och \u00e4r p\u00e5 v\u00e4g. D\u00e5 \u00e4r inneb\u00f6rden, v\u00e4rderingen och syftet viktigt. Tala sanning och ge exempel i h\u00e4ndelser s\u00e5 f\u00f6rst\u00e5r alla och kan orientera sig.<br \/>\nStrategisk storytelling som hanterar kultur och sj\u00e4l m\u00e5ste f\u00f6rankras i ledningen. Annars d\u00f6r ber\u00e4ttelserna och f\u00e5r inte den plats de beh\u00f6ver f\u00f6r att bygga varum\u00e4rke och visa framtidshopp.<br \/>\n90.000 bes\u00f6kare har r\u00e4kneverket p\u00e5 storytellers.se konstaterat nu i maj och i dag fick jag en f\u00f6rfr\u00e5gan om jag kunde vara med och exportera <em>The Swedish Way of Business Storytelling and Narrative Managemen<\/em>t.<br \/>\nJag brukar sk\u00e4mta p\u00e5 svenska och s\u00e4ga att vad vi beh\u00f6ver \u00e4r f\u00e4rre VD:ar, Verkst\u00e4llande Direkt\u00f6rer men fler VB:ar, Verkst\u00e4llande Ber\u00e4ttare. I synnerhet eftersom VD:ar ofta \u00e4r ekonomer och jurister som vilar sin v\u00e4rldsbild p\u00e5 facts and figures. Mer emotioner helt enkelt.<br \/>\n+++++++++++++++++++++++++++++++++++++++++++++++++<br \/>\nN\u00e4r utredaren <strong>Thorbj\u00f6rn Larsson<\/strong>, pr\u00e4st och direktor vid Ersta Dikakoni, nyligen presenterade sin utredning om riktlinjer f\u00f6r \u00e4ldreomsorgen, s\u00e5 sa han att \u00e4ldre behandlas som kroppar utan integritet, utan sj\u00e4lsliv och intressen.<br \/>\nD\u00e5 kom jag och t\u00e4nka p\u00e5 en \u00e4ldrestory som jag var med att sk\u00f6rda fr\u00e5n \u00e4ldreomsorgen f\u00f6r n\u00e5gra \u00e5r sedan. Den om Bertil, en sur gammal farbror p\u00e5 ett \u00e4ldreboende.<br \/>\nPersonalen brukade n\u00e5gra g\u00e5nger om \u00e5ret ta med sig n\u00e5gra av de \u00e4ldre senila tanterna och farbr\u00f6derna p\u00e5 utflykt hem till n\u00e5gon av personalen.<br \/>\nDen h\u00e4r g\u00e5ngen skulle de hem till Sofia som bodde p\u00e5 en liten g\u00e5rd utanf\u00f6r stan. Sofia hade n\u00e5gra kalvar, katt och hund och en liten h\u00f6nsg\u00e5rd.<br \/>\nBertil ville inte, gn\u00e4llde och klagade. Men personalen arbetade t\u00e5lmodigt och p\u00e5 n\u00e5gra timmar hade de f\u00e5tt ut gruppen med rullatorer, rullstolar och annat till f\u00e4rdtj\u00e4nstbussarna.<br \/>\nV\u00e4l ute hos Sofia var det kaffe och bullar men Bertil satt och surrade i sin rullstol. Han tittade l\u00e4ngtansfullt  ut mot \u00e4ngen d\u00e4r kalvarna gick. Tyv\u00e4rr var det stenigt och tuvigt s\u00e5 det gick inte att k\u00f6ra ned rullstolen.<br \/>\nMen personalen s\u00e5g hans blick och lyfte d\u00e4rf\u00f6r honom och stolen hela v\u00e4gen ned till st\u00e4ngslet d\u00e4r Bertil fick sitta f\u00f6r sig sj\u00e4lv medan de andra fikade uppe vid huset.<br \/>\nBertil stack fram sin hand och l\u00e4t kalvarna suga p\u00e5 hans fingrar s\u00e5 som han gjort n\u00e4r han sj\u00e4lv var barn. Hans ansikte lyste och idyllen var total. N\u00e4r de skulle \u00e5ka hem gr\u00e4t Bertil av sentimentalitet.<br \/>\nDet \u00e4r s\u00e5 vackert, sa han.<br \/>\nHan ber\u00e4ttade f\u00f6r personalen att han var uppvuxen p\u00e5 landet men att han bott i stan de senaste 40 \u00e5ren.<br \/>\nEfter detta var den sure Bertil som bortbl\u00e5st. N\u00e4stan vare dag talade han om utflykten till Sofia och vad underbart det hade varit.<br \/>\nHan var glad. Personalen fick en b\u00e4ttre arbetsmilj\u00f6 och relationerna blev b\u00e4ttre tack vare det som h\u00e4nde den dagen Bertil tr\u00e4ffade kalvarna.<br \/>\n+++++++++++++++++++++++++++++++++++++++++++++++++<br \/>\nDet h\u00e4r nyhetsbrevet skrivs av <strong>Matts Heijbel.<\/strong> Du f\u00e5r det eftersom du bett om det eller f\u00f6r att du tackat ja i samband med n\u00e5got seminarium som jag haft. Eller s\u00e5 har vi tr\u00e4ffats och du har givit mig ditt visitkort och tackat ja till att vara med p\u00e5 s\u00e4ndlistan.<br \/>\nOm du inte vill ha det l\u00e4ngre s\u00e5 v\u00e4nd det med ett nej tack, eller skriv och tacka nej till nyhetsbrev@storytellers.se<br \/>\nHej s\u00e5 l\u00e4nge<br \/>\nMatts Heijbel<br \/>\nStockholm \/ Gr\u00f6dinge 12 juni 2008<\/p>\n","protected":false},"excerpt":{"rendered":"<p>I dag har nyhetsbrevet g\u00e5tt ut till n\u00e4rmare 2000 prenumeranter som bett om att f\u00e5 f\u00f6lja utvecklingen p\u00e5 storytellerfronten. Vill du ocks\u00e5 ha det n\u00e5gon g\u00e5ng i m\u00e5naden s\u00e5 scrolla till h\u00f6ger eller skicka ett mail till nyhetsbrev@storytellers.se L\u00e4s det aktuella brevet genom klicka p\u00e5 l\u00e4nken h\u00e4r under<\/p>\n","protected":false},"author":2,"featured_media":0,"comment_status":"open","ping_status":"closed","sticky":false,"template":"","format":"standard","meta":[],"categories":[8],"tags":[],"_links":{"self":[{"href":"https:\/\/storytellers.se\/index.php?rest_route=\/wp\/v2\/posts\/1844"}],"collection":[{"href":"https:\/\/storytellers.se\/index.php?rest_route=\/wp\/v2\/posts"}],"about":[{"href":"https:\/\/storytellers.se\/index.php?rest_route=\/wp\/v2\/types\/post"}],"author":[{"embeddable":true,"href":"https:\/\/storytellers.se\/index.php?rest_route=\/wp\/v2\/users\/2"}],"replies":[{"embeddable":true,"href":"https:\/\/storytellers.se\/index.php?rest_route=%2Fwp%2Fv2%2Fcomments&post=1844"}],"version-history":[{"count":0,"href":"https:\/\/storytellers.se\/index.php?rest_route=\/wp\/v2\/posts\/1844\/revisions"}],"wp:attachment":[{"href":"https:\/\/storytellers.se\/index.php?rest_route=%2Fwp%2Fv2%2Fmedia&parent=1844"}],"wp:term":[{"taxonomy":"category","embeddable":true,"href":"https:\/\/storytellers.se\/index.php?rest_route=%2Fwp%2Fv2%2Fcategories&post=1844"},{"taxonomy":"post_tag","embeddable":true,"href":"https:\/\/storytellers.se\/index.php?rest_route=%2Fwp%2Fv2%2Ftags&post=1844"}],"curies":[{"name":"wp","href":"https:\/\/api.w.org\/{rel}","templated":true}]}}