{"id":1840,"date":"2008-06-08T19:34:21","date_gmt":"2008-06-08T18:34:21","guid":{"rendered":"http:\/\/heijbel.wordpress.com\/2008\/06\/08\/storyn-om-hultsfredsfestivalen"},"modified":"2008-06-08T19:34:21","modified_gmt":"2008-06-08T18:34:21","slug":"storyn-om-hultsfredsfestivalen","status":"publish","type":"post","link":"https:\/\/storytellers.se\/?p=1840","title":{"rendered":"Storyn om Hultsfredsfestivalen"},"content":{"rendered":"<p>Det \u00e4r dags f\u00f6r Hultsfredsfestivalen igen. L\u00e4s om skapelseber\u00e4ttelsen&#8230;<\/p>\n<p><!--more--><br \/>\nDet var p\u00e5 80-talet som <strong>Putte Svensson<\/strong> en dag gick till sporthallen i Hultsfred f\u00f6r att tr\u00e4na basket. N\u00e5got han brukade g\u00f6ra d\u00e5 och d\u00e5. Den h\u00e4r g\u00e5ngen tr\u00e4ffade han <strong>H\u00e5kan Waxeg\u00e5rd<\/strong> som jobbade extra i hallen. Putte gick p\u00e5 h\u00f6gstadiet och H\u00e5kan p\u00e5 gymnasiet. B\u00e5da ville ha mer Rock i Hultsfred&#8230;<br \/>\nVarf\u00f6r skulle Hultsfredsborna beh\u00f6va \u00e5ka till storst\u00e4derna f\u00f6r att f\u00e5 lite bra Rock\u00b4n Roll? Putte och H\u00e5kan var tr\u00f6tta p\u00e5 det och tr\u00e4ffades flera g\u00e5nger f\u00f6r att hitta en l\u00f6sning. Snart hade de bildat f\u00f6reningen <strong>Rockparty<\/strong> som b\u00f6rjade arrangera konserter i sporthallen.<br \/>\n1986 ringde en bokningsbyr\u00e5 och f\u00f6reslog att Rockparty skulle boka tv\u00e5 av de fyra lediga utl\u00e4ndska band som fortfarande var obokade i Sverige andra helgen i augusti.<br \/>\nPutte och H\u00e5kan gillade id\u00e9n men kunde inte v\u00e4lja vilka tv\u00e5 av de fyra de skulle v\u00e4lja s\u00e5 de bokade alla fyra. Det var s\u00e5 Hultsfredsfestivalen kom till.<br \/>\nIdag k\u00e4nner nittio\u00e5tta procent av svenskarna till Hultsfred. Hultsfred \u00e4r ett av Sveriges starkaste varum\u00e4rken. Kommunen satsar i dag medvetet p\u00e5 att vara en Rock\u00b4n Rollkommun och hela kommunens planering p\u00e5verkas av detta.<br \/>\nOlika musik- och musikmanagementutbildningar lockar elever fr\u00e5n hela v\u00e4rlden. Svenskt Rockarkiv har flyttat fr\u00e5n Stockholms \u00d6stermalm till rockens centrum i Hultsfred.<br \/>\nIdag \u00e4r Hultsfreds rockexperter utvecklingskonsulter \u00e5t rader av svenska och utl\u00e4ndska orter. De exporterar know how till andra l\u00e4nder. Folk fr\u00e5n Roskilde kommer till Hultsfred f\u00f6r att l\u00e4ra sig hur de ska kunna vidga cirklarna till att p\u00e5verka hela sin kommuns profil och utveckling.<br \/>\nPutte och H\u00e5kan startade allts\u00e5 f\u00f6reningen som startade festivalen som p\u00e5verkar hela kommunen. <strong>Rock City<\/strong> i Hultsfred sam\u00e4gs idag av f\u00f6reningen och Hultsfreds kommun. Rock Cities \u00e4r p\u00e5 g\u00e5ng ocks\u00e5 i Norge, Danmark och Finland.<\/p>\n","protected":false},"excerpt":{"rendered":"<p>Det \u00e4r dags f\u00f6r Hultsfredsfestivalen igen. L\u00e4s om skapelseber\u00e4ttelsen&#8230;<\/p>\n","protected":false},"author":2,"featured_media":0,"comment_status":"open","ping_status":"closed","sticky":false,"template":"","format":"standard","meta":[],"categories":[4],"tags":[],"_links":{"self":[{"href":"https:\/\/storytellers.se\/index.php?rest_route=\/wp\/v2\/posts\/1840"}],"collection":[{"href":"https:\/\/storytellers.se\/index.php?rest_route=\/wp\/v2\/posts"}],"about":[{"href":"https:\/\/storytellers.se\/index.php?rest_route=\/wp\/v2\/types\/post"}],"author":[{"embeddable":true,"href":"https:\/\/storytellers.se\/index.php?rest_route=\/wp\/v2\/users\/2"}],"replies":[{"embeddable":true,"href":"https:\/\/storytellers.se\/index.php?rest_route=%2Fwp%2Fv2%2Fcomments&post=1840"}],"version-history":[{"count":0,"href":"https:\/\/storytellers.se\/index.php?rest_route=\/wp\/v2\/posts\/1840\/revisions"}],"wp:attachment":[{"href":"https:\/\/storytellers.se\/index.php?rest_route=%2Fwp%2Fv2%2Fmedia&parent=1840"}],"wp:term":[{"taxonomy":"category","embeddable":true,"href":"https:\/\/storytellers.se\/index.php?rest_route=%2Fwp%2Fv2%2Fcategories&post=1840"},{"taxonomy":"post_tag","embeddable":true,"href":"https:\/\/storytellers.se\/index.php?rest_route=%2Fwp%2Fv2%2Ftags&post=1840"}],"curies":[{"name":"wp","href":"https:\/\/api.w.org\/{rel}","templated":true}]}}