{"id":1836,"date":"2008-06-03T15:54:49","date_gmt":"2008-06-03T14:54:49","guid":{"rendered":"http:\/\/heijbel.wordpress.com\/2008\/06\/03\/bertil-grat-vid-hagen"},"modified":"2008-06-03T15:54:49","modified_gmt":"2008-06-03T14:54:49","slug":"bertil-grat-vid-hagen","status":"publish","type":"post","link":"https:\/\/storytellers.se\/?p=1836","title":{"rendered":"Bertil gr\u00e4t vid hagen"},"content":{"rendered":"<p><strong>Thorbj\u00f6rn Larsson<\/strong> \u00e4r pr\u00e4st och direktor f\u00f6r Ersta Diakoni i Stockholm. F\u00f6r regeringens r\u00e4kning har han utrett nya riktlinjer f\u00f6r \u00e4ldreomsorgen. S\u00e5 h\u00e4r skriver han bland annat:<br \/>\n&#8221;<em>\u00c4ldre behandlas som bara kroppar utan integritet, utan sj\u00e4lsliv och utan intressen. Det p\u00e5minner i sina v\u00e4rsta former om n\u00e4r man f\u00f6r n\u00e5gra decennier sedan opererade sp\u00e4dbarn utan bed\u00f6vning eftersom de inte antogs kunna k\u00e4nna sm\u00e4rta. \u00c4ldreomsorgen \u00e4r i l\u00e5nga stycken organiserad utifr\u00e5n f\u00f6rdomar eller i mina \u00f6gon felaktiga f\u00f6rest\u00e4llningar om vad \u00e5ldrande och \u00e5lderdom \u00e4r.&#8221;<\/em><br \/>\nD\u00e5 minns jag en \u00e4ldrestory som jag, som storyteller,  sk\u00f6rdade fr\u00e5n \u00e4ldreomsorgen i Uppsala f\u00f6r n\u00e5gra \u00e5r sedan&#8230;<\/p>\n<p><!--more--><br \/>\nPersonalen p\u00e5 ett \u00e4ldreboende ville ber\u00e4tta om vad de var stolta \u00f6ver och vad som gav dem gl\u00e4dje i arbetet.<br \/>\nD\u00e5 kom den h\u00e4r \u00e4ldrestoryn:<br \/>\nVarje v\u00e5r och h\u00f6st turades de om att ta med sig n\u00e5gra gamla, ofta dementa, personer som bodde p\u00e5 \u00e4ldreboendet p\u00e5 utflykt. Ofta hem till n\u00e5gon av personalen.<br \/>\nDen h\u00e4r g\u00e5ngen skulle de \u00e5ka hem till <strong>Sofia<\/strong>, en av undersk\u00f6terskorna som bodde p\u00e5 en g\u00e5rd n\u00e5gra mil utanf\u00f6r Uppsala. D\u00e4r skulle de sitta i solen en stund och dricka kaffe och \u00e4ta kaffebr\u00f6d.<br \/>\nDet tog flera timmar att g\u00f6ra i ordning de gamla, f\u00e5 fram rullatorer och rullstolar. V\u00e4rst var <strong>Bertil<\/strong> som var en grinig \u00e5ldring som bara sa emot och alltid \u00e4ltade och klagade p\u00e5 \u00e4n det ena \u00e4n det andra.<br \/>\nHur som helst de kom i v\u00e4g i den vita f\u00e4rdtj\u00e4nstbussen och \u00e5kte till g\u00e5rden d\u00e4r Sofia och hennes familj bodde. D\u00e4r satt de sen och fikade en stund och upplevde naturen.<br \/>\nBertil var mest tyst och ville inte delta. Men han satt och tittade ner mot hagen d\u00e4r det fanns n\u00e5gra kalvar men han kunde ju inte ta sig dit med rullstolen. D\u00e5 bar personalen ned honom och rullstolen till staketet och l\u00e4mnade Bertil d\u00e4r en stund.<br \/>\nHan l\u00e4t kalvarna suga p\u00e5 hans fingrar och Bertil sken med hela ansiktet. Han hade vuxit upp p\u00e5 landet men bott i stan hela sitt vuxna liv. N\u00e4r de skulle samla ihop sig och \u00e5ka hem igen s\u00e5 gr\u00e4t Bertil av sentmentalitet.<br \/>\nDet \u00e4r s\u00e5 vackert, sa han.<br \/>\nEfter den utflykten blev Bertil som en annan m\u00e4nniska. Han talade ofta om stunden med kalvarna och han klagade inte l\u00e4ngre p\u00e5 personal och omv\u00e5rdnad som f\u00f6rut.<br \/>\nBertil blev stimuelrad och personalen fick en b\u00e4ttre arbetsmilj\u00f6 av bara farten.<\/p>\n","protected":false},"excerpt":{"rendered":"<p>Thorbj\u00f6rn Larsson \u00e4r pr\u00e4st och direktor f\u00f6r Ersta Diakoni i Stockholm. F\u00f6r regeringens r\u00e4kning har han utrett nya riktlinjer f\u00f6r \u00e4ldreomsorgen. S\u00e5 h\u00e4r skriver han bland annat: &#8221;\u00c4ldre behandlas som bara kroppar utan integritet, utan sj\u00e4lsliv och utan intressen. Det p\u00e5minner i sina v\u00e4rsta former om n\u00e4r man f\u00f6r n\u00e5gra decennier sedan opererade sp\u00e4dbarn utan&#8230;<\/p>\n","protected":false},"author":2,"featured_media":0,"comment_status":"open","ping_status":"closed","sticky":false,"template":"","format":"standard","meta":[],"categories":[4],"tags":[],"_links":{"self":[{"href":"https:\/\/storytellers.se\/index.php?rest_route=\/wp\/v2\/posts\/1836"}],"collection":[{"href":"https:\/\/storytellers.se\/index.php?rest_route=\/wp\/v2\/posts"}],"about":[{"href":"https:\/\/storytellers.se\/index.php?rest_route=\/wp\/v2\/types\/post"}],"author":[{"embeddable":true,"href":"https:\/\/storytellers.se\/index.php?rest_route=\/wp\/v2\/users\/2"}],"replies":[{"embeddable":true,"href":"https:\/\/storytellers.se\/index.php?rest_route=%2Fwp%2Fv2%2Fcomments&post=1836"}],"version-history":[{"count":0,"href":"https:\/\/storytellers.se\/index.php?rest_route=\/wp\/v2\/posts\/1836\/revisions"}],"wp:attachment":[{"href":"https:\/\/storytellers.se\/index.php?rest_route=%2Fwp%2Fv2%2Fmedia&parent=1836"}],"wp:term":[{"taxonomy":"category","embeddable":true,"href":"https:\/\/storytellers.se\/index.php?rest_route=%2Fwp%2Fv2%2Fcategories&post=1836"},{"taxonomy":"post_tag","embeddable":true,"href":"https:\/\/storytellers.se\/index.php?rest_route=%2Fwp%2Fv2%2Ftags&post=1836"}],"curies":[{"name":"wp","href":"https:\/\/api.w.org\/{rel}","templated":true}]}}