{"id":1834,"date":"2008-05-29T16:49:59","date_gmt":"2008-05-29T15:49:59","guid":{"rendered":"http:\/\/heijbel.wordpress.com\/2008\/05\/29\/skord-hos-sveaskog"},"modified":"2008-05-29T16:49:59","modified_gmt":"2008-05-29T15:49:59","slug":"skord-hos-sveaskog","status":"publish","type":"post","link":"https:\/\/storytellers.se\/?p=1834","title":{"rendered":"Sk\u00f6rd hos Sveaskog"},"content":{"rendered":"<p>I dag har jag tr\u00e4ffat informationsfolk fr\u00e5n Sveaskog. De har en personal- och utbildningskonferens och jag utgjorde en s\u00e5 kallad kompetensh\u00f6jande insats. Det g\u00e5r till s\u00e5 att&#8230;<\/p>\n<p><!--more--><br \/>\n&#8230;jag b\u00f6rjar med n\u00e5gon timmes inspirationf\u00f6rel\u00e4sning anpassad efter, i det h\u00e4r fallet, just Sveaskog. Jag ger exempel p\u00e5 hur andra har arbetet med stories och hur stories l\u00e5ter och varf\u00f6r andra valt att s\u00e4tta just dessa exempel i arbete.<br \/>\nSen bygger konceptet p\u00e5 att deltagarna sj\u00e4lva, i grupper, efter mina anvisningar, s\u00f6ker ber\u00e4ttelser ur sina minnen. Sen \u00e5tersamlas vi och redovisar under mina processledning.<br \/>\nDetta \u00e4r ett alldeles utm\u00e4rkt s\u00e4tt att prova p\u00e5 det hela och f\u00f6rst\u00e5 kraften i ber\u00e4ttarkapitalet. Jag har utvecklat det under de senaste 5 \u00e5ren och det \u00e4r ett helt s\u00e4kert s\u00e4tt att ha en trevlig och mycket nyttig halvdag tillsammans och f\u00e5 en f\u00f6rsta sk\u00f6rd av bara farten.<br \/>\nNu har jag d\u00e4rf\u00f6r h\u00f6rt om hur Sveaskog var f\u00f6rst att satsa p\u00e5 en skogsmaskin med hybridteknik. Jag har h\u00f6rt hur Sveaskog sj\u00e4lvklart, i samband med stormarna, visar TV hur en rotv\u00e4lta blir en rotf\u00e4lla, det vill s\u00e4ga n\u00e4r en v\u00e4lt gran vid skogsbruk sl\u00e5r igen sin rotv\u00e4lta som en r\u00e5ttf\u00e4lla n\u00e5got i v\u00e4rsta fall sl\u00e5r ihj\u00e4l en m\u00e4nniska. Stormf\u00e4lld skog \u00e4r farlig om man inte kan hantera den.<br \/>\nJag har h\u00f6rt om konflikten i Norrbotten d\u00e5 bybor ville stoppa en avverkning av gammal skog och n\u00e4r d\u00e4rf\u00f6r en av Sveaskogs chefer flyttade ut i skogen till demonstranterna och anv\u00e4nde sig av diplomatiska metoder f\u00f6r att n\u00e5 en l\u00f6sning p\u00e5 konflikten.<br \/>\nOch mkt annat.<br \/>\nTrevligt och l\u00e4rorikt och med en sk\u00f6rd som kan bearbetas och anv\u00e4ndas f\u00f6r att ladda Sveaskogs varum\u00e4rke med emotionellt kapital.<br \/>\nVill du ha en storysk\u00f6rd och prova p\u00e5 i samband med en utbildningsdag eller kick off s\u00e5 kan du kontakta mig s\u00e5 ska jag ber\u00e4tta mera.<\/p>\n","protected":false},"excerpt":{"rendered":"<p>I dag har jag tr\u00e4ffat informationsfolk fr\u00e5n Sveaskog. De har en personal- och utbildningskonferens och jag utgjorde en s\u00e5 kallad kompetensh\u00f6jande insats. Det g\u00e5r till s\u00e5 att&#8230;<\/p>\n","protected":false},"author":2,"featured_media":0,"comment_status":"open","ping_status":"closed","sticky":false,"template":"","format":"standard","meta":[],"categories":[2],"tags":[],"_links":{"self":[{"href":"https:\/\/storytellers.se\/index.php?rest_route=\/wp\/v2\/posts\/1834"}],"collection":[{"href":"https:\/\/storytellers.se\/index.php?rest_route=\/wp\/v2\/posts"}],"about":[{"href":"https:\/\/storytellers.se\/index.php?rest_route=\/wp\/v2\/types\/post"}],"author":[{"embeddable":true,"href":"https:\/\/storytellers.se\/index.php?rest_route=\/wp\/v2\/users\/2"}],"replies":[{"embeddable":true,"href":"https:\/\/storytellers.se\/index.php?rest_route=%2Fwp%2Fv2%2Fcomments&post=1834"}],"version-history":[{"count":0,"href":"https:\/\/storytellers.se\/index.php?rest_route=\/wp\/v2\/posts\/1834\/revisions"}],"wp:attachment":[{"href":"https:\/\/storytellers.se\/index.php?rest_route=%2Fwp%2Fv2%2Fmedia&parent=1834"}],"wp:term":[{"taxonomy":"category","embeddable":true,"href":"https:\/\/storytellers.se\/index.php?rest_route=%2Fwp%2Fv2%2Fcategories&post=1834"},{"taxonomy":"post_tag","embeddable":true,"href":"https:\/\/storytellers.se\/index.php?rest_route=%2Fwp%2Fv2%2Ftags&post=1834"}],"curies":[{"name":"wp","href":"https:\/\/api.w.org\/{rel}","templated":true}]}}