{"id":1832,"date":"2008-05-29T15:34:01","date_gmt":"2008-05-29T14:34:01","guid":{"rendered":"http:\/\/heijbel.wordpress.com\/2008\/05\/29\/intervjuad-i-cio-sweden"},"modified":"2008-05-29T15:34:01","modified_gmt":"2008-05-29T14:34:01","slug":"intervjuad-i-cio-sweden","status":"publish","type":"post","link":"https:\/\/storytellers.se\/?p=1832","title":{"rendered":"Intervjuad i Cio Sweden"},"content":{"rendered":"<p>Jag \u00e4r intervjuad av <strong>Karin Thurfjell<\/strong> p\u00e5 tidningen Cio Swedens n\u00e4tupplaga. H\u00e4r \u00e4r <a href=\"http:\/\/cio.idg.se\/2.1782\/1.164782\"><strong>artikeln<\/strong><\/a> som v\u00e4nder sig fr\u00e4mst till IT-chefer.<\/p>\n","protected":false},"excerpt":{"rendered":"<p>Jag \u00e4r intervjuad av Karin Thurfjell p\u00e5 tidningen Cio Swedens n\u00e4tupplaga. H\u00e4r \u00e4r artikeln som v\u00e4nder sig fr\u00e4mst till IT-chefer.<\/p>\n","protected":false},"author":2,"featured_media":0,"comment_status":"open","ping_status":"closed","sticky":false,"template":"","format":"standard","meta":[],"categories":[3],"tags":[],"_links":{"self":[{"href":"https:\/\/storytellers.se\/index.php?rest_route=\/wp\/v2\/posts\/1832"}],"collection":[{"href":"https:\/\/storytellers.se\/index.php?rest_route=\/wp\/v2\/posts"}],"about":[{"href":"https:\/\/storytellers.se\/index.php?rest_route=\/wp\/v2\/types\/post"}],"author":[{"embeddable":true,"href":"https:\/\/storytellers.se\/index.php?rest_route=\/wp\/v2\/users\/2"}],"replies":[{"embeddable":true,"href":"https:\/\/storytellers.se\/index.php?rest_route=%2Fwp%2Fv2%2Fcomments&post=1832"}],"version-history":[{"count":0,"href":"https:\/\/storytellers.se\/index.php?rest_route=\/wp\/v2\/posts\/1832\/revisions"}],"wp:attachment":[{"href":"https:\/\/storytellers.se\/index.php?rest_route=%2Fwp%2Fv2%2Fmedia&parent=1832"}],"wp:term":[{"taxonomy":"category","embeddable":true,"href":"https:\/\/storytellers.se\/index.php?rest_route=%2Fwp%2Fv2%2Fcategories&post=1832"},{"taxonomy":"post_tag","embeddable":true,"href":"https:\/\/storytellers.se\/index.php?rest_route=%2Fwp%2Fv2%2Ftags&post=1832"}],"curies":[{"name":"wp","href":"https:\/\/api.w.org\/{rel}","templated":true}]}}