{"id":1824,"date":"2008-05-26T14:20:43","date_gmt":"2008-05-26T13:20:43","guid":{"rendered":"http:\/\/heijbel.wordpress.com\/2008\/05\/26\/intervjuad-av-du-co"},"modified":"2008-05-26T14:20:43","modified_gmt":"2008-05-26T13:20:43","slug":"intervjuad-av-du-co","status":"publish","type":"post","link":"https:\/\/storytellers.se\/?p=1824","title":{"rendered":"Intervjuad av Du &amp; Co"},"content":{"rendered":"<p><strong>Benedikta Cavallin<\/strong> har intervjuat mig f\u00f6r postens tidning <strong>Du &amp; Co<\/strong>. Det \u00e4r Sveriges st\u00f6rsta f\u00f6retagartidning med en upplaga p\u00e5 drygt 134.000 ex. L\u00e4s artikeln <a href=\"http:\/\/www.posten.se\/img\/cmt\/PDF\/det_var_en_gang.pdf\"><strong>h\u00e4r<\/strong><\/a>.<\/p>\n","protected":false},"excerpt":{"rendered":"<p>Benedikta Cavallin har intervjuat mig f\u00f6r postens tidning Du &amp; Co. Det \u00e4r Sveriges st\u00f6rsta f\u00f6retagartidning med en upplaga p\u00e5 drygt 134.000 ex. L\u00e4s artikeln h\u00e4r.<\/p>\n","protected":false},"author":2,"featured_media":0,"comment_status":"open","ping_status":"closed","sticky":false,"template":"","format":"standard","meta":[],"categories":[3],"tags":[],"_links":{"self":[{"href":"https:\/\/storytellers.se\/index.php?rest_route=\/wp\/v2\/posts\/1824"}],"collection":[{"href":"https:\/\/storytellers.se\/index.php?rest_route=\/wp\/v2\/posts"}],"about":[{"href":"https:\/\/storytellers.se\/index.php?rest_route=\/wp\/v2\/types\/post"}],"author":[{"embeddable":true,"href":"https:\/\/storytellers.se\/index.php?rest_route=\/wp\/v2\/users\/2"}],"replies":[{"embeddable":true,"href":"https:\/\/storytellers.se\/index.php?rest_route=%2Fwp%2Fv2%2Fcomments&post=1824"}],"version-history":[{"count":0,"href":"https:\/\/storytellers.se\/index.php?rest_route=\/wp\/v2\/posts\/1824\/revisions"}],"wp:attachment":[{"href":"https:\/\/storytellers.se\/index.php?rest_route=%2Fwp%2Fv2%2Fmedia&parent=1824"}],"wp:term":[{"taxonomy":"category","embeddable":true,"href":"https:\/\/storytellers.se\/index.php?rest_route=%2Fwp%2Fv2%2Fcategories&post=1824"},{"taxonomy":"post_tag","embeddable":true,"href":"https:\/\/storytellers.se\/index.php?rest_route=%2Fwp%2Fv2%2Ftags&post=1824"}],"curies":[{"name":"wp","href":"https:\/\/api.w.org\/{rel}","templated":true}]}}