{"id":1816,"date":"2008-05-23T11:00:06","date_gmt":"2008-05-23T10:00:06","guid":{"rendered":"http:\/\/heijbel.wordpress.com\/2008\/05\/23\/skogsberattelser"},"modified":"2008-05-23T11:00:06","modified_gmt":"2008-05-23T10:00:06","slug":"skogsberattelser","status":"publish","type":"post","link":"https:\/\/storytellers.se\/?p=1816","title":{"rendered":"Skogsber\u00e4ttelser"},"content":{"rendered":"<p>I n\u00e4sta vecka ska jag ha en halvdag Storytelling med Sveriges st\u00f6rsta skogs\u00e4gare, <a href=\"http:\/\/www.sveaskog.se\"><strong>Sveaskog<\/strong><\/a>. Skogen \u00e4r sj\u00e4lva f\u00f6ruts\u00e4ttningen f\u00f6r Sveaskog och visionen man har \u00e4r att man ska vara b\u00e4st p\u00e5 att utveckla skogens v\u00e4rden. D\u00e4r ska jag sk\u00f6rda ber\u00e4ttelser som bekr\u00e4ftar, bland annat, detta t\u00e4nkande.<\/p>\n","protected":false},"excerpt":{"rendered":"<p>I n\u00e4sta vecka ska jag ha en halvdag Storytelling med Sveriges st\u00f6rsta skogs\u00e4gare, Sveaskog. Skogen \u00e4r sj\u00e4lva f\u00f6ruts\u00e4ttningen f\u00f6r Sveaskog och visionen man har \u00e4r att man ska vara b\u00e4st p\u00e5 att utveckla skogens v\u00e4rden. D\u00e4r ska jag sk\u00f6rda ber\u00e4ttelser som bekr\u00e4ftar, bland annat, detta t\u00e4nkande.<\/p>\n","protected":false},"author":2,"featured_media":0,"comment_status":"open","ping_status":"closed","sticky":false,"template":"","format":"standard","meta":[],"categories":[9],"tags":[],"_links":{"self":[{"href":"https:\/\/storytellers.se\/index.php?rest_route=\/wp\/v2\/posts\/1816"}],"collection":[{"href":"https:\/\/storytellers.se\/index.php?rest_route=\/wp\/v2\/posts"}],"about":[{"href":"https:\/\/storytellers.se\/index.php?rest_route=\/wp\/v2\/types\/post"}],"author":[{"embeddable":true,"href":"https:\/\/storytellers.se\/index.php?rest_route=\/wp\/v2\/users\/2"}],"replies":[{"embeddable":true,"href":"https:\/\/storytellers.se\/index.php?rest_route=%2Fwp%2Fv2%2Fcomments&post=1816"}],"version-history":[{"count":0,"href":"https:\/\/storytellers.se\/index.php?rest_route=\/wp\/v2\/posts\/1816\/revisions"}],"wp:attachment":[{"href":"https:\/\/storytellers.se\/index.php?rest_route=%2Fwp%2Fv2%2Fmedia&parent=1816"}],"wp:term":[{"taxonomy":"category","embeddable":true,"href":"https:\/\/storytellers.se\/index.php?rest_route=%2Fwp%2Fv2%2Fcategories&post=1816"},{"taxonomy":"post_tag","embeddable":true,"href":"https:\/\/storytellers.se\/index.php?rest_route=%2Fwp%2Fv2%2Ftags&post=1816"}],"curies":[{"name":"wp","href":"https:\/\/api.w.org\/{rel}","templated":true}]}}