{"id":1808,"date":"2008-05-16T09:14:40","date_gmt":"2008-05-16T08:14:40","guid":{"rendered":"http:\/\/heijbel.wordpress.com\/2008\/05\/16\/storydusch-invigs-idag"},"modified":"2008-05-16T09:14:40","modified_gmt":"2008-05-16T08:14:40","slug":"storydusch-invigs-idag","status":"publish","type":"post","link":"https:\/\/storytellers.se\/?p=1808","title":{"rendered":"Storydusch invigs idag"},"content":{"rendered":"<p>I dag aktiveras den f\u00f6rsta storyduschen p\u00e5 en svensk handelsplats. Det \u00e4r Sickla, n\u00e4ra Hammarby Sj\u00f6stad, som laddat de speciella riktade h\u00f6gtalarna med sex ber\u00e4ttelser om platsen, historien kulturen och med visionerna om Sickla som nyf\u00f6dd stadsk\u00e4rna. Tv\u00e5 storystolar st\u00e5r i den mittersta ing\u00e5ngen till gallerian. Den kommunikativt strategiska tanken \u00e4r att den som vill lyssna ocks\u00e5 vill ber\u00e4tta och d\u00e4rmed bli ambassad\u00f6r och medverka till att ladda platsen med kulturkapital.<\/p>\n","protected":false},"excerpt":{"rendered":"<p>I dag aktiveras den f\u00f6rsta storyduschen p\u00e5 en svensk handelsplats. Det \u00e4r Sickla, n\u00e4ra Hammarby Sj\u00f6stad, som laddat de speciella riktade h\u00f6gtalarna med sex ber\u00e4ttelser om platsen, historien kulturen och med visionerna om Sickla som nyf\u00f6dd stadsk\u00e4rna. Tv\u00e5 storystolar st\u00e5r i den mittersta ing\u00e5ngen till gallerian. Den kommunikativt strategiska tanken \u00e4r att den som vill&#8230;<\/p>\n","protected":false},"author":2,"featured_media":0,"comment_status":"open","ping_status":"closed","sticky":false,"template":"","format":"standard","meta":[],"categories":[9],"tags":[],"_links":{"self":[{"href":"https:\/\/storytellers.se\/index.php?rest_route=\/wp\/v2\/posts\/1808"}],"collection":[{"href":"https:\/\/storytellers.se\/index.php?rest_route=\/wp\/v2\/posts"}],"about":[{"href":"https:\/\/storytellers.se\/index.php?rest_route=\/wp\/v2\/types\/post"}],"author":[{"embeddable":true,"href":"https:\/\/storytellers.se\/index.php?rest_route=\/wp\/v2\/users\/2"}],"replies":[{"embeddable":true,"href":"https:\/\/storytellers.se\/index.php?rest_route=%2Fwp%2Fv2%2Fcomments&post=1808"}],"version-history":[{"count":0,"href":"https:\/\/storytellers.se\/index.php?rest_route=\/wp\/v2\/posts\/1808\/revisions"}],"wp:attachment":[{"href":"https:\/\/storytellers.se\/index.php?rest_route=%2Fwp%2Fv2%2Fmedia&parent=1808"}],"wp:term":[{"taxonomy":"category","embeddable":true,"href":"https:\/\/storytellers.se\/index.php?rest_route=%2Fwp%2Fv2%2Fcategories&post=1808"},{"taxonomy":"post_tag","embeddable":true,"href":"https:\/\/storytellers.se\/index.php?rest_route=%2Fwp%2Fv2%2Ftags&post=1808"}],"curies":[{"name":"wp","href":"https:\/\/api.w.org\/{rel}","templated":true}]}}