{"id":1806,"date":"2008-05-15T11:44:19","date_gmt":"2008-05-15T10:44:19","guid":{"rendered":"http:\/\/heijbel.wordpress.com\/2008\/05\/15\/fa-inser-snackets-varde-pa-natet"},"modified":"2008-05-15T11:44:19","modified_gmt":"2008-05-15T10:44:19","slug":"fa-inser-snackets-varde-pa-natet","status":"publish","type":"post","link":"https:\/\/storytellers.se\/?p=1806","title":{"rendered":"F\u00e5 inser snackets v\u00e4rde p\u00e5 n\u00e4tet"},"content":{"rendered":"<p>Vill du p\u00e5verka snacket? D\u00e5 f\u00e5r du leverera och inse att mycket av bruset finns i de sociala medierna p\u00e5 n\u00e4tet. D\u00e4r kommer storytelling in i pusslet och d\u00e4r kan du sk\u00f6rda bilder av din verksamhet. <a href=\"http:\/\/www.dagensmedia.se\/mallar\/dagensmedia_mall.asp?version=165752\"><strong>Dagens Medias<\/strong><\/a> <strong>Ola Eriksson<\/strong> kommenterar en unders\u00f6kning om f\u00f6retag och sociala medier.<\/p>\n","protected":false},"excerpt":{"rendered":"<p>Vill du p\u00e5verka snacket? D\u00e5 f\u00e5r du leverera och inse att mycket av bruset finns i de sociala medierna p\u00e5 n\u00e4tet. D\u00e4r kommer storytelling in i pusslet och d\u00e4r kan du sk\u00f6rda bilder av din verksamhet. Dagens Medias Ola Eriksson kommenterar en unders\u00f6kning om f\u00f6retag och sociala medier.<\/p>\n","protected":false},"author":2,"featured_media":0,"comment_status":"open","ping_status":"closed","sticky":false,"template":"","format":"standard","meta":[],"categories":[2],"tags":[],"_links":{"self":[{"href":"https:\/\/storytellers.se\/index.php?rest_route=\/wp\/v2\/posts\/1806"}],"collection":[{"href":"https:\/\/storytellers.se\/index.php?rest_route=\/wp\/v2\/posts"}],"about":[{"href":"https:\/\/storytellers.se\/index.php?rest_route=\/wp\/v2\/types\/post"}],"author":[{"embeddable":true,"href":"https:\/\/storytellers.se\/index.php?rest_route=\/wp\/v2\/users\/2"}],"replies":[{"embeddable":true,"href":"https:\/\/storytellers.se\/index.php?rest_route=%2Fwp%2Fv2%2Fcomments&post=1806"}],"version-history":[{"count":0,"href":"https:\/\/storytellers.se\/index.php?rest_route=\/wp\/v2\/posts\/1806\/revisions"}],"wp:attachment":[{"href":"https:\/\/storytellers.se\/index.php?rest_route=%2Fwp%2Fv2%2Fmedia&parent=1806"}],"wp:term":[{"taxonomy":"category","embeddable":true,"href":"https:\/\/storytellers.se\/index.php?rest_route=%2Fwp%2Fv2%2Fcategories&post=1806"},{"taxonomy":"post_tag","embeddable":true,"href":"https:\/\/storytellers.se\/index.php?rest_route=%2Fwp%2Fv2%2Ftags&post=1806"}],"curies":[{"name":"wp","href":"https:\/\/api.w.org\/{rel}","templated":true}]}}