{"id":1804,"date":"2008-05-14T11:10:44","date_gmt":"2008-05-14T10:10:44","guid":{"rendered":"http:\/\/heijbel.wordpress.com\/2008\/05\/14\/hr-profilerad-konferens"},"modified":"2008-05-14T11:10:44","modified_gmt":"2008-05-14T10:10:44","slug":"hr-profilerad-konferens","status":"publish","type":"post","link":"https:\/\/storytellers.se\/?p=1804","title":{"rendered":"HR-profilerad konferens"},"content":{"rendered":"<p>I dag ska jag tala p\u00e5 en konferens i f\u00f6r offentlig sektor i Stockholm. <strong><em>Attrahera och beh\u00e5ll personal inom offentlig sektor<\/em><\/strong>, heter den. Mitt uppdrag \u00e4r att inspirationsf\u00f6rel\u00e4sa och leda en miniworkshop\/diskussion. Mitt tema \u00e4r i dag hur organisationsber\u00e4ttande kan&#8230;<\/p>\n<p><!--more--><br \/>\n&#8230;ladda offentliga varum\u00e4rken med emotionella v\u00e4rden. Hur ber\u00e4ttelser d\u00e4rmed exempelvis kan underl\u00e4tta rekrytering och beskriva meningsfullhet.<br \/>\nJag ger en rad exempel fr\u00e5n kommuner, myndigheter och andra offentligfinansierade verksamheter. Ska den offentliga arbetsmarknaden locka till sig yngre generationer i samband med de stora pensionsavg\u00e5ngar som redan b\u00f6rjat s\u00e5 m\u00e5ste man sj\u00e4lvfallet ber\u00e4tta. Det offentliga m\u00e5ste ge bilder av vad det egentligen handlar om och leverera bilder av detta till de unga.<br \/>\nDet \u00e4r <strong>Conductive<\/strong> som arrangerar konferensen.<br \/>\nAndra medverkande \u00e4r exempelvis V\u00e4gverket, \u00c5hl\u00e9nsgruppen och Rikspolisstyrelsen.<br \/>\nDe talar om Stolta medarbetare, Delaktighet, Kompetensutveckling f\u00f6r chefer i stora organisationer och hur man M\u00e4ter.<br \/>\nFr\u00e5n den kommunala sidan kommer talare fr\u00e5n bland andra Upplands V\u00e4sby, Nacka, J\u00e4rf\u00e4lla, Helsingborg och G\u00f6teborg. Temat \u00e4r exempelvis Samverkan, Tydliga spelregler och Handlingsplaner.<br \/>\nKompetensf\u00f6rs\u00f6rjning och andra HR-fr\u00e5gor g\u00e5r alldeles utm\u00e4rkt att korsa med storytellingverktyget. Det faktuella betraktelses\u00e4tt som dominerar v\u00e5r arbetsmarknad spetsas med emotionella bilder om vad som faktiskt h\u00e4nder i dessa organisationer.<br \/>\nDessa mentala bilder visar varf\u00f6r s\u00e5 m\u00e5nga stannar och trivs i den offentliga sektorn n\u00e4r de v\u00e4l \u00e4r d\u00e4r. L\u00f6nerna \u00e4r inte alltid de b\u00e4sta men det finns andra kvaliteter som beh\u00f6ver beskrivas, exempelvis med storytellingmetoden.<br \/>\nDet har myndigheter och kommuner som anlitar mig som storyteller f\u00f6rst\u00e5tt. De satsar d\u00e4rf\u00f6r p\u00e5 storytelling i och om organisationer. Storytelling \u00e4r ocks\u00e5 ett bra s\u00e4tt att \u00f6verf\u00f6ra kunskaper i samband med generationsv\u00e4xlingar, n\u00e5got som knowledge managers l\u00e4nge har sagt.<br \/>\nDe f\u00f6rsta \u00e5ren av 2000-talet var intresset st\u00f6rst fr\u00e5n det privata n\u00e4ringslivet. Nu kommer ocks\u00e5 den offentliga och ideela sektorn brett. D\u00e4rf\u00f6r har m\u00e5nga anm\u00e4lt sig till dagens och morgondagens konferens i Stockholm.<\/p>\n","protected":false},"excerpt":{"rendered":"<p>I dag ska jag tala p\u00e5 en konferens i f\u00f6r offentlig sektor i Stockholm. Attrahera och beh\u00e5ll personal inom offentlig sektor, heter den. Mitt uppdrag \u00e4r att inspirationsf\u00f6rel\u00e4sa och leda en miniworkshop\/diskussion. Mitt tema \u00e4r i dag hur organisationsber\u00e4ttande kan&#8230;<\/p>\n","protected":false},"author":2,"featured_media":0,"comment_status":"open","ping_status":"closed","sticky":false,"template":"","format":"standard","meta":[],"categories":[9],"tags":[],"_links":{"self":[{"href":"https:\/\/storytellers.se\/index.php?rest_route=\/wp\/v2\/posts\/1804"}],"collection":[{"href":"https:\/\/storytellers.se\/index.php?rest_route=\/wp\/v2\/posts"}],"about":[{"href":"https:\/\/storytellers.se\/index.php?rest_route=\/wp\/v2\/types\/post"}],"author":[{"embeddable":true,"href":"https:\/\/storytellers.se\/index.php?rest_route=\/wp\/v2\/users\/2"}],"replies":[{"embeddable":true,"href":"https:\/\/storytellers.se\/index.php?rest_route=%2Fwp%2Fv2%2Fcomments&post=1804"}],"version-history":[{"count":0,"href":"https:\/\/storytellers.se\/index.php?rest_route=\/wp\/v2\/posts\/1804\/revisions"}],"wp:attachment":[{"href":"https:\/\/storytellers.se\/index.php?rest_route=%2Fwp%2Fv2%2Fmedia&parent=1804"}],"wp:term":[{"taxonomy":"category","embeddable":true,"href":"https:\/\/storytellers.se\/index.php?rest_route=%2Fwp%2Fv2%2Fcategories&post=1804"},{"taxonomy":"post_tag","embeddable":true,"href":"https:\/\/storytellers.se\/index.php?rest_route=%2Fwp%2Fv2%2Ftags&post=1804"}],"curies":[{"name":"wp","href":"https:\/\/api.w.org\/{rel}","templated":true}]}}