{"id":1800,"date":"2008-05-12T15:56:27","date_gmt":"2008-05-12T14:56:27","guid":{"rendered":"http:\/\/heijbel.wordpress.com\/2008\/05\/12\/de-egna-berattelserna"},"modified":"2008-05-12T15:56:27","modified_gmt":"2008-05-12T14:56:27","slug":"de-egna-berattelserna","status":"publish","type":"post","link":"https:\/\/storytellers.se\/?p=1800","title":{"rendered":"De egna ber\u00e4ttelserna"},"content":{"rendered":"<p>F\u00f6r en tid sedan f\u00f6rel\u00e4ste jag p\u00e5 samma konferens som den norske teologen <a href=\"http:\/\/www.seminarpartner.no\/Webdesk\/netblast\/pages\/index.html;jsessionid=DEDF6372333EF9835A78BC727C978CBC?id=438677\"><strong>Per Anders Nordengen<\/strong><\/a>. Jag fascinerades av hans metaforer om m\u00e4nniskan och hennes egna ber\u00e4ttelser om sig sj\u00e4lv&#8230;<\/p>\n<p><!--more--><br \/>\n&#8230;han kunde se m\u00e4nniskan som ett hjul, t\u00e4nk dig cykelhjul, med ett nav i mitten och med ekrar runt om som h\u00e5ller f\u00e4lgen med d\u00e4cket p\u00e5 plats. Ett hjul som f\u00f6r oss genom livet.<br \/>\nS\u00e5 ekrar vi upp v\u00e5r identitet n\u00e4r vi ber\u00e4ttar om v\u00e5ra gl\u00e4dje\u00e4mnen och v\u00e5ra sorger. En eker per story. Vi skulle s\u00e4kert m\u00e5 bra av att byta ut lite ekrar ibland, \u00e4ven om de inte \u00e4r b\u00f6jda eller brutna, menade Nordengen. Vi kan ju sj\u00e4lva bygga det hjul som tar oss genom livet.<br \/>\nTv\u00e5 tankar som jag f\u00e5tt efter detta \u00e4r dels de privata ber\u00e4ttelserna som vi delar med familj och v\u00e4nner dels de professionella som vi har n\u00e4r vi positionerar oss i arbetslivet.<br \/>\nJag brukar s\u00e4ga till studenter som jag tr\u00e4ffar att de b\u00f6r reflektera \u00f6ver sina ber\u00e4ttelser n\u00e4r de vill komma in p\u00e5 arbetsmarknaden. CV, javisst det ska man bara ha, men att ha koll p\u00e5 sina viktigaste  ber\u00e4ttelser kan vara nog s\u00e5 viktigt f\u00f6r att bli sedd och insl\u00e4ppt. B\u00e4sta storyn vinner ofta hela  matchen.<br \/>\nRent privat har jag m\u00e5nga v\u00e4nner och sl\u00e4ktingar som jag umg\u00e5s med genom att vi ber\u00e4ttar f\u00f6r varandra. Att h\u00f6ra en v\u00e4n s\u00e4ga: Jag m\u00e5ste f\u00e5 ber\u00e4tta, \u00e4r en sann gl\u00e4dje.<br \/>\nGe dina v\u00e4nner ber\u00e4ttarutrymme och ber\u00e4tta sj\u00e4lv.<br \/>\nSer man till individen p\u00e5 arbetsplatsen s\u00e5 \u00e4r det f\u00f6rst\u00e5s ocks\u00e5 s\u00e5 att de enskilda medarbetarnas eller kundernas ber\u00e4ttelser \u00e4r byggstenar i varum\u00e4rkesbyggandet. Personstories \u00e4r faktiskt en viktig kategori n\u00e4r man sysslar med storytelling i, om och kring organisationer.<\/p>\n","protected":false},"excerpt":{"rendered":"<p>F\u00f6r en tid sedan f\u00f6rel\u00e4ste jag p\u00e5 samma konferens som den norske teologen Per Anders Nordengen. Jag fascinerades av hans metaforer om m\u00e4nniskan och hennes egna ber\u00e4ttelser om sig sj\u00e4lv&#8230;<\/p>\n","protected":false},"author":2,"featured_media":0,"comment_status":"open","ping_status":"closed","sticky":false,"template":"","format":"standard","meta":[],"categories":[2],"tags":[],"_links":{"self":[{"href":"https:\/\/storytellers.se\/index.php?rest_route=\/wp\/v2\/posts\/1800"}],"collection":[{"href":"https:\/\/storytellers.se\/index.php?rest_route=\/wp\/v2\/posts"}],"about":[{"href":"https:\/\/storytellers.se\/index.php?rest_route=\/wp\/v2\/types\/post"}],"author":[{"embeddable":true,"href":"https:\/\/storytellers.se\/index.php?rest_route=\/wp\/v2\/users\/2"}],"replies":[{"embeddable":true,"href":"https:\/\/storytellers.se\/index.php?rest_route=%2Fwp%2Fv2%2Fcomments&post=1800"}],"version-history":[{"count":0,"href":"https:\/\/storytellers.se\/index.php?rest_route=\/wp\/v2\/posts\/1800\/revisions"}],"wp:attachment":[{"href":"https:\/\/storytellers.se\/index.php?rest_route=%2Fwp%2Fv2%2Fmedia&parent=1800"}],"wp:term":[{"taxonomy":"category","embeddable":true,"href":"https:\/\/storytellers.se\/index.php?rest_route=%2Fwp%2Fv2%2Fcategories&post=1800"},{"taxonomy":"post_tag","embeddable":true,"href":"https:\/\/storytellers.se\/index.php?rest_route=%2Fwp%2Fv2%2Ftags&post=1800"}],"curies":[{"name":"wp","href":"https:\/\/api.w.org\/{rel}","templated":true}]}}