{"id":1798,"date":"2008-05-09T11:28:17","date_gmt":"2008-05-09T10:28:17","guid":{"rendered":"http:\/\/heijbel.wordpress.com\/2008\/05\/09\/nyhetsbrev-33-glomd-ost-blev-delikatess"},"modified":"2008-05-09T11:28:17","modified_gmt":"2008-05-09T10:28:17","slug":"nyhetsbrev-33-glomd-ost-blev-delikatess","status":"publish","type":"post","link":"https:\/\/storytellers.se\/?p=1798","title":{"rendered":"Nyhetsbrev 33: Gl\u00f6md ost blev delikatess"},"content":{"rendered":"<p>Nu g\u00e5r Nyhetsbrev 33 ut till prenumeranterna. Vill du ocks\u00e5 vara prenumerant s\u00e5 skriv in dig h\u00e4r till h\u00f6ger p\u00e5 \u00f6ppningssidan en bit ned, eller mejla nyhetsbrev@storytellers.se med din mejladress.<\/p>\n<p><!--more--><br \/>\nHej igen Storytellingv\u00e4n<br \/>\nDet \u00e4r dags f\u00f6r Nyhetsbrev 33. Jag, Matts Heijbel, reflekterar ungef\u00e4r en g\u00e5ng i m\u00e5naden \u00f6ver vad som h\u00e4nt sen sist. Mycket av det h\u00e4r finns ocks\u00e5 i f\u00f6rdjupad form p\u00e5 http:storytellers.se en webbplats som har ambitionen att vara den sj\u00e4lvklara m\u00f6tesplatsen f\u00f6r dem som, p\u00e5 svenska spr\u00e5ket, intresserar sig f\u00f6r storytelling i och kring f\u00f6retag och organisationer.<br \/>\n++++++++++++++++++++++++++++++++++++++++++++<br \/>\nBotkyrka ligger faktiskt mitt i skogen. Mellan sj\u00f6ar och havsvikar n\u00e5gra mil s\u00f6der om Stockholm. H\u00e4r byggde man bost\u00e4der f\u00f6r 45.000 m\u00e4nniskor p\u00e5 5 \u00e5r. N\u00e5got som andra svenska kommuner fick h\u00e5lla p\u00e5 med i 500 \u00e5r innan de var klara med det. Det \u00e4r l\u00e5ngt ifr\u00e5n lagom.<br \/>\nBotkyrkafolket har alltid haft internationella kontakter. De reste tidigt till Grekland och Istanbul vilket runstenarna tydligt ber\u00e4ttar. I dag finns \u00f6ver 100 spr\u00e5k representerade i kommunen.<br \/>\nDet finns f\u00f6rmodligen ingen annan kommun d\u00e4r du kan se en \u00e4lg komma springande med en ananas i munnen. Men det kan du i Botkyrka. Det beror p\u00e5 att en av jaktledarna, en svensk med invandrarbakgrund, har f\u00f6rs\u00e4nkningar i restaurangbranschen. Han l\u00e4gger ut lite \u00f6verbliven men fr\u00e4sch ananas ibland till viltet. Det \u00e4r l\u00e5ngt ifr\u00e5n lagom.<br \/>\nDet \u00e4r lite bilder som dyker upp n\u00e4r jag nu arbetar med Botkyrkastories.<br \/>\n++++++++++++++++++++++++++++++++++++++++++++<br \/>\nJag var nyligen var i Norge och talade f\u00f6r F\u00f6reningen F\u00f6r Hj\u00e4rtsjuka Barn, FFHB. D\u00e4r medverkade ocks\u00e5 tv\u00e5 mycket framst\u00e5ende norska talare. Vi utgjorde ett ber\u00e4ttartema, f\u00f6r och aprop\u00e5 denna organisations Hj\u00e4rtebarn, som de s\u00e4ger i FFHB.<br \/>\nJag talade om v\u00e4rdet att ber\u00e4tta om h\u00e4ndelser som speglar organisationens verklighet. Ingebrigt Steen Jensen och pr\u00e4sten Per Anders Nordengen hade ocks\u00e5 ber\u00e4ttarteman i sina framf\u00f6randen. Det var en fantastiskt halvdag utan en enda power point och inga manus som gjorde talarna monologistiska.<br \/>\nVi ber\u00e4ttade och st\u00e4mningen blev f\u00f6rt\u00e4tat, glad och emotionell. N\u00e4r man v\u00e4ljer att f\u00f6r en g\u00e5ngs skull inte fokusera det faktuella utan ist\u00e4llet det emotionella p\u00e5 en konferens s\u00e5 blir det oftast ingen Power Point och i det h\u00e4r fallet allts\u00e5 inte ens manus eller n\u00e5gra bilder p\u00e5 sk\u00e4rmar och dukar. Jag tror inte ens en white boardpenna var ig\u00e5ng.<br \/>\nD\u00e5 kan man s\u00e4ga det lite elaka: Power point? What\u00b4s the point. F\u00f6r s\u00e4kerhets skull ska jag till\u00e4gga att PP visst kan anv\u00e4ndas, men alltf\u00f6r ofta \u00e4r det missbrukat som en ledst\u00e5ng f\u00f6r monologen. Det faktuella vet ju alla \u00e4nd\u00e5.<br \/>\nH\u00e4r bj\u00f6ds deltagarna i organisationen in i en dialog d\u00e4r de fick ber\u00e4tta och dela med sig av sitt emotionella kapital. Detta ber\u00e4ttarkapital, som \u00e4gs av de aktiva, kan ladda FFHBs varum\u00e4rke och underl\u00e4tta insamlandet av de pengar som organisationen \u00e4r beroende av.<br \/>\n++++++++++++++++++++++++++++++++++++++++++++<br \/>\nSen sist har jag bland annat varit hos Norrmejerier, de som sprider V\u00e4sterbottensosten \u00f6ver v\u00e4rlden. Vi sk\u00f6rdade i ett eventliknande personalsammanhang med n\u00e4sta 200 medarbetare goda ber\u00e4ttelser.<br \/>\nNorrmejerier har redan och v\u00e5rdar \u00f6mt ber\u00e4ttelsen om den gl\u00f6mda osten som blev delikatess. Mejerskan <strong>Ulrika Eleonora Lindstr\u00f6m<\/strong> som f\u00f6r \u00f6ver hundra \u00e5r sen gl\u00f6mde att ta hand om osten under en k\u00e4rleksm\u00f6te. Osten blev f\u00f6rst\u00f6rd men visade sig senare vara en delikatess som Norrmejerier, sen dess, hanterar och skyddar med respekt. V\u00e4sterbottensost!<br \/>\n++++++++++++++++++++++++++++++++++++++++++++<br \/>\nJag har ocks\u00e5 undervisat och f\u00f6rel\u00e4st p\u00e5 universitet och HR-n\u00e4tverk och har ytterligare flera kommuner som vill att jag ska hj\u00e4lpa till att sk\u00f6rda deras ber\u00e4ttarkapital f\u00f6r att de ska bli synligare. Det \u00e4r helt enkelt v\u00e4ldigt mycket kring storytelling i och om och kring organisationer nu. Jag har arbetat med detta i snart tio \u00e5r och kurvan, om man ritade n\u00e5gon, pekar stadigt upp\u00e5t.<br \/>\n++++++++++++++++++++++++++++++++++++++++++++<br \/>\nStoryduschen, allts\u00e5 id\u00e9n med en plats d\u00e4r man kan v\u00e4lja att s\u00e4tta sig och lyssna p\u00e5 ett riktat ljud om just denna plats eller om ett f\u00f6retag eller den organisation som \u00e4r aktiv d\u00e4r, blir allt mer efterfr\u00e5gad.<br \/>\nJag b\u00f6rjade f\u00f6r n\u00e5gra \u00e5r sedan, tillsammans med Lexter, med Arlanda Express. 40.000 m\u00e4nniskor valde att s\u00e4tta sig och trycka p\u00e5 knappen och lyssna p\u00e5 Arlanda-Express-Stories det f\u00f6rsta \u00e5ret. Nu laddar vi Sickla K\u00f6pkvarter i en Place Branding-satsning. Mer om det p\u00e5 http:\/\/storytellers inom kort.<br \/>\n++++++++++++++++++++++++++++++++++++++++++++<br \/>\nDu f\u00e5r det h\u00e4r nyhetsbrevet f\u00f6r att du skrivit in dig i prenumerationsrutan p\u00e5 storytellers.se eller f\u00f6r att du skrivit ditt namn i samband med n\u00e5got av mina seminarier eller f\u00f6r att vi diskuterat eventuella storysatsningar tillsammans. Om du inte du inte vill ha det s\u00e5 kan du v\u00e4nda det med ett: Nej Tack.<br \/>\nHej s\u00e5 l\u00e4nge h\u00e4lsar<br \/>\nMatts Heijbel 9 maj 2008<\/p>\n","protected":false},"excerpt":{"rendered":"<p>Nu g\u00e5r Nyhetsbrev 33 ut till prenumeranterna. Vill du ocks\u00e5 vara prenumerant s\u00e5 skriv in dig h\u00e4r till h\u00f6ger p\u00e5 \u00f6ppningssidan en bit ned, eller mejla nyhetsbrev@storytellers.se med din mejladress.<\/p>\n","protected":false},"author":2,"featured_media":0,"comment_status":"open","ping_status":"closed","sticky":false,"template":"","format":"standard","meta":[],"categories":[8],"tags":[],"_links":{"self":[{"href":"https:\/\/storytellers.se\/index.php?rest_route=\/wp\/v2\/posts\/1798"}],"collection":[{"href":"https:\/\/storytellers.se\/index.php?rest_route=\/wp\/v2\/posts"}],"about":[{"href":"https:\/\/storytellers.se\/index.php?rest_route=\/wp\/v2\/types\/post"}],"author":[{"embeddable":true,"href":"https:\/\/storytellers.se\/index.php?rest_route=\/wp\/v2\/users\/2"}],"replies":[{"embeddable":true,"href":"https:\/\/storytellers.se\/index.php?rest_route=%2Fwp%2Fv2%2Fcomments&post=1798"}],"version-history":[{"count":0,"href":"https:\/\/storytellers.se\/index.php?rest_route=\/wp\/v2\/posts\/1798\/revisions"}],"wp:attachment":[{"href":"https:\/\/storytellers.se\/index.php?rest_route=%2Fwp%2Fv2%2Fmedia&parent=1798"}],"wp:term":[{"taxonomy":"category","embeddable":true,"href":"https:\/\/storytellers.se\/index.php?rest_route=%2Fwp%2Fv2%2Fcategories&post=1798"},{"taxonomy":"post_tag","embeddable":true,"href":"https:\/\/storytellers.se\/index.php?rest_route=%2Fwp%2Fv2%2Ftags&post=1798"}],"curies":[{"name":"wp","href":"https:\/\/api.w.org\/{rel}","templated":true}]}}