{"id":1796,"date":"2008-05-07T12:25:34","date_gmt":"2008-05-07T11:25:34","guid":{"rendered":"http:\/\/heijbel.wordpress.com\/2008\/05\/07\/i-botkyrka-ater-algen-ananas"},"modified":"2008-05-07T12:25:34","modified_gmt":"2008-05-07T11:25:34","slug":"i-botkyrka-ater-algen-ananas","status":"publish","type":"post","link":"https:\/\/storytellers.se\/?p=1796","title":{"rendered":"I Botkyrka \u00e4ter \u00e4lgen ananas"},"content":{"rendered":"<p>Jag arbetar f\u00f6r n\u00e4rvarande med ber\u00e4ttelser fr\u00e5n Botkyrka. Den h\u00e4r om \u00e4lgen som \u00e4ter ananas har jag h\u00f6rt i lite olika varianter. Sann l\u00e4r den vara:<\/p>\n<p><!--more--><br \/>\nBotkyrka ligger mitt i skogen bland sj\u00f6ar och havsvikar 2-3 mil s\u00f6der om Stockholm. I norr finns stora bostadsomr\u00e5den i det s\u00e5 kallade miljonprogrammet, ocks\u00e5 det i skogen vid M\u00e4laren. I mitten ligger Tumba och i s\u00f6der ligger Gr\u00f6dinge som \u00e4r ren landsbygd. Men allt \u00e4r allts\u00e5 Botkyrka.<br \/>\nEn person i hemtj\u00e4nsten som skulle bes\u00f6ka en gammal man som hon ofta tr\u00e4ffade kom en dag till hans stuga som l\u00e5g med utsikt \u00f6ver naturen. Han \u00f6ppnade inte n\u00e4r hon knackade s\u00e5 hon k\u00e4nde p\u00e5 d\u00f6rrhandtaget och d\u00f6rren gick upp.<br \/>\nD\u00e4r satt han stilla p\u00e5 stolen med ansiktet v\u00e4nt mot f\u00f6nstret. Hon befarade det v\u00e4rsta. Va han sjuk eller rent av&#8230; hon gick fram och r\u00f6rde vid hans axel:<br \/>\n\u2013 Folke, hur \u00e4r det?<br \/>\n\u2013 Hej, sa han och hoppade till. Du anar inte vad jag sett!<br \/>\nHan ber\u00e4ttade att han satt d\u00e4r och tittade och d\u00e5 kom en \u00e4lg med en ananas i munnen.<br \/>\n\u2013 En ananas?<br \/>\nJa. \u00c4lgen kom f\u00f6rbi utanf\u00f6r f\u00f6nstret och munnen greppade \u00f6ver en ananas.<br \/>\nAnanas \u00e4r en frukt, ursprungligen fr\u00e5n Brasilien, som anv\u00e4nds i efterr\u00e4tter, fruktsallader och ibland i pizzor. Men den v\u00e4xer f\u00f6rst\u00e5s aldrig i Sverige. Och framf\u00f6rallt inte i skogen i Botkyrka.<br \/>\nNu visade det sig att ledaren f\u00f6r jaktlaget i just denna del av Botkyrka var en svensk med invandrarbakgrund som hade m\u00e5nga kontakter i restaurangbranschen. Han hade fr\u00e5gat jaktlaget om det var okej att han la ut lite av exempelvis ananasen som blivit \u00f6ver till viltet.<br \/>\nDet tyckte man att det var.<br \/>\n\u00c4lgen hade allts\u00e5 sen hittat ananasen i skogen, tagit den mellan sina k\u00e4nsliga l\u00e4ppar och sprungit v\u00e4g f\u00f6rbi Folkes stuga.<br \/>\nS\u00e5 g\u00e5r till i Botkyrka d\u00e4r mycket \u00e4r <strong>l\u00e5ngt ifr\u00e5n lagom<\/strong>. F\u00f6rmodligen skulle man inte kunna se en \u00e4lg med ananas i munnen n\u00e5gon annan stans.<br \/>\nBer\u00e4ttelsen visar ocks\u00e5 att Botkyrka ligger i skogen och att d\u00e4r finns vilt och att jaktlagen inte bara best\u00e5r av svenskar f\u00f6dda i Sverige. Det finns dessutom folk som bor i stugor i Botkyrka.<\/p>\n","protected":false},"excerpt":{"rendered":"<p>Jag arbetar f\u00f6r n\u00e4rvarande med ber\u00e4ttelser fr\u00e5n Botkyrka. Den h\u00e4r om \u00e4lgen som \u00e4ter ananas har jag h\u00f6rt i lite olika varianter. Sann l\u00e4r den vara:<\/p>\n","protected":false},"author":2,"featured_media":0,"comment_status":"open","ping_status":"closed","sticky":false,"template":"","format":"standard","meta":[],"categories":[2],"tags":[],"_links":{"self":[{"href":"https:\/\/storytellers.se\/index.php?rest_route=\/wp\/v2\/posts\/1796"}],"collection":[{"href":"https:\/\/storytellers.se\/index.php?rest_route=\/wp\/v2\/posts"}],"about":[{"href":"https:\/\/storytellers.se\/index.php?rest_route=\/wp\/v2\/types\/post"}],"author":[{"embeddable":true,"href":"https:\/\/storytellers.se\/index.php?rest_route=\/wp\/v2\/users\/2"}],"replies":[{"embeddable":true,"href":"https:\/\/storytellers.se\/index.php?rest_route=%2Fwp%2Fv2%2Fcomments&post=1796"}],"version-history":[{"count":0,"href":"https:\/\/storytellers.se\/index.php?rest_route=\/wp\/v2\/posts\/1796\/revisions"}],"wp:attachment":[{"href":"https:\/\/storytellers.se\/index.php?rest_route=%2Fwp%2Fv2%2Fmedia&parent=1796"}],"wp:term":[{"taxonomy":"category","embeddable":true,"href":"https:\/\/storytellers.se\/index.php?rest_route=%2Fwp%2Fv2%2Fcategories&post=1796"},{"taxonomy":"post_tag","embeddable":true,"href":"https:\/\/storytellers.se\/index.php?rest_route=%2Fwp%2Fv2%2Ftags&post=1796"}],"curies":[{"name":"wp","href":"https:\/\/api.w.org\/{rel}","templated":true}]}}