{"id":1794,"date":"2008-05-06T15:24:46","date_gmt":"2008-05-06T14:24:46","guid":{"rendered":"http:\/\/heijbel.wordpress.com\/2008\/05\/06\/smedjebacken-och-ovako-steel"},"modified":"2008-05-06T15:24:46","modified_gmt":"2008-05-06T14:24:46","slug":"smedjebacken-och-ovako-steel","status":"publish","type":"post","link":"https:\/\/storytellers.se\/?p=1794","title":{"rendered":"Smedjebacken och Ovako Steel"},"content":{"rendered":"<p>I g\u00e5r f\u00f6rde jag diskussioner med <strong>Ovako Steel<\/strong> och n\u00e4ringslivschefen f\u00f6r <strong>Smedjebackens kommun<\/strong> i Smedjebacken. Det \u00e4r fascinerande att se hur t\u00e4tt intill varandra de lever och verkar. N\u00e4r man kommer till en ort dominerad av stor industri \u00e4r kulturen f\u00f6rst\u00e5s en annan \u00e4n&#8230;<\/p>\n<p><!--more--><br \/>\n&#8230;i m\u00e5nga andra kommuner med andra ekonomiska och sociala strukturer. Jag \u00e4r involverad i ett projekt, under ledning av konstn\u00e4ren <strong>Maria Backman<\/strong>, som ska f\u00f6rs\u00f6ka involvera kultur-kultur, f\u00f6retagskultur och kommunkultur i ett ber\u00e4ttande.<br \/>\nJag tror att i Smedjebacken skulle Ovako och kommunen kunna dela en del ber\u00e4ttelser n\u00e4r det kommer till Place Branding. Maria Backman vill hitta olika s\u00e4tt att gestalta ber\u00e4ttelser h\u00e4mtade fr\u00e5n dessa milj\u00f6er.<br \/>\nJag \u00e5terkommer mer till detta n\u00e4r och om vi lyckas enas om ett s\u00e4tt att arbeta tillsammans.<\/p>\n","protected":false},"excerpt":{"rendered":"<p>I g\u00e5r f\u00f6rde jag diskussioner med Ovako Steel och n\u00e4ringslivschefen f\u00f6r Smedjebackens kommun i Smedjebacken. Det \u00e4r fascinerande att se hur t\u00e4tt intill varandra de lever och verkar. N\u00e4r man kommer till en ort dominerad av stor industri \u00e4r kulturen f\u00f6rst\u00e5s en annan \u00e4n&#8230;<\/p>\n","protected":false},"author":2,"featured_media":0,"comment_status":"open","ping_status":"closed","sticky":false,"template":"","format":"standard","meta":[],"categories":[2],"tags":[],"_links":{"self":[{"href":"https:\/\/storytellers.se\/index.php?rest_route=\/wp\/v2\/posts\/1794"}],"collection":[{"href":"https:\/\/storytellers.se\/index.php?rest_route=\/wp\/v2\/posts"}],"about":[{"href":"https:\/\/storytellers.se\/index.php?rest_route=\/wp\/v2\/types\/post"}],"author":[{"embeddable":true,"href":"https:\/\/storytellers.se\/index.php?rest_route=\/wp\/v2\/users\/2"}],"replies":[{"embeddable":true,"href":"https:\/\/storytellers.se\/index.php?rest_route=%2Fwp%2Fv2%2Fcomments&post=1794"}],"version-history":[{"count":0,"href":"https:\/\/storytellers.se\/index.php?rest_route=\/wp\/v2\/posts\/1794\/revisions"}],"wp:attachment":[{"href":"https:\/\/storytellers.se\/index.php?rest_route=%2Fwp%2Fv2%2Fmedia&parent=1794"}],"wp:term":[{"taxonomy":"category","embeddable":true,"href":"https:\/\/storytellers.se\/index.php?rest_route=%2Fwp%2Fv2%2Fcategories&post=1794"},{"taxonomy":"post_tag","embeddable":true,"href":"https:\/\/storytellers.se\/index.php?rest_route=%2Fwp%2Fv2%2Ftags&post=1794"}],"curies":[{"name":"wp","href":"https:\/\/api.w.org\/{rel}","templated":true}]}}