{"id":1786,"date":"2008-04-23T20:40:21","date_gmt":"2008-04-23T19:40:21","guid":{"rendered":"http:\/\/heijbel.wordpress.com\/2008\/04\/23\/amerikanarna-vet-ju-eller"},"modified":"2008-04-23T20:40:21","modified_gmt":"2008-04-23T19:40:21","slug":"amerikanarna-vet-ju-eller","status":"publish","type":"post","link":"https:\/\/storytellers.se\/?p=1786","title":{"rendered":"Amerikanarna vet ju &#8211; eller?"},"content":{"rendered":"<p><strong>Fr\u00e5ga:<\/strong><br \/>\nAmerikanska f\u00f6retag har v\u00e4l sen l\u00e4nge f\u00f6rst\u00e5tt det d\u00e4rmed f\u00f6retagshistoria. Vad \u00e4r det som \u00e4r s\u00e5 speciellt med storytelling nu?<br \/>\n<strong>Svar:<\/strong><br \/>\nDet st\u00e4mmer att amerikanarna ligger f\u00f6re oss p\u00e5 m\u00e5nga s\u00e4tt i detta. Men m\u00e4rk v\u00e4l att denna sida inte handlar om <em>f\u00f6retags- eller organisationshistoria<\/em> utan om&#8230;<\/p>\n<p><!--more--><br \/>\n&#8230;<em>f\u00f6retagshistorier<\/em>, eller snarare <em>f\u00f6retagsber\u00e4ttelser<\/em>.<br \/>\nM\u00e5nga svenska bruk, familjef\u00f6retag, myndigheter och verkstadsf\u00f6retag \u00e4r ocks\u00e5 bra p\u00e5 att ber\u00e4tta sin historia.<br \/>\nMen Corporate Storytelling, i och om f\u00f6retag och dess tj\u00e4nster och produkter, \u00e4r n\u00e5got mycket mer \u00e4n museal historia om ursprung och hur det b\u00f6rjade.<br \/>\nDenna webbplats handlar om <strong>d\u00e5<\/strong>, <strong>nu<\/strong> och <strong>sen<\/strong> och om v\u00e4rderingar kopplade till varum\u00e4rket. Det \u00e4r sp\u00e4nnande att ta dagens v\u00e4rderingar och nostalgiskt g\u00e5 tillbaks i historien och retroaktivt h\u00e4mta ber\u00e4ttelser som kan komma att g\u00f6ra nytta i en strategisk framtidsplan.<br \/>\nOm man g\u00f6r detta sysslar man med storytelling som den behandlas p\u00e5 denna webbplats.<br \/>\nSj\u00e4lvklart \u00e4r det omv\u00e4rlden som ytterst bygger varum\u00e4rket. Men som kommunikat\u00f6r kan du v\u00e4lja mellan att vilja p\u00e5verka snacket &#8211; eller inte. Vill du p\u00e5verka snacket s\u00e5 \u00e4r storytellingverktyget kraftfullt.<\/p>\n","protected":false},"excerpt":{"rendered":"<p>Fr\u00e5ga: Amerikanska f\u00f6retag har v\u00e4l sen l\u00e4nge f\u00f6rst\u00e5tt det d\u00e4rmed f\u00f6retagshistoria. Vad \u00e4r det som \u00e4r s\u00e5 speciellt med storytelling nu? Svar: Det st\u00e4mmer att amerikanarna ligger f\u00f6re oss p\u00e5 m\u00e5nga s\u00e4tt i detta. Men m\u00e4rk v\u00e4l att denna sida inte handlar om f\u00f6retags- eller organisationshistoria utan om&#8230;<\/p>\n","protected":false},"author":2,"featured_media":0,"comment_status":"open","ping_status":"closed","sticky":false,"template":"","format":"standard","meta":[],"categories":[6],"tags":[],"_links":{"self":[{"href":"https:\/\/storytellers.se\/index.php?rest_route=\/wp\/v2\/posts\/1786"}],"collection":[{"href":"https:\/\/storytellers.se\/index.php?rest_route=\/wp\/v2\/posts"}],"about":[{"href":"https:\/\/storytellers.se\/index.php?rest_route=\/wp\/v2\/types\/post"}],"author":[{"embeddable":true,"href":"https:\/\/storytellers.se\/index.php?rest_route=\/wp\/v2\/users\/2"}],"replies":[{"embeddable":true,"href":"https:\/\/storytellers.se\/index.php?rest_route=%2Fwp%2Fv2%2Fcomments&post=1786"}],"version-history":[{"count":0,"href":"https:\/\/storytellers.se\/index.php?rest_route=\/wp\/v2\/posts\/1786\/revisions"}],"wp:attachment":[{"href":"https:\/\/storytellers.se\/index.php?rest_route=%2Fwp%2Fv2%2Fmedia&parent=1786"}],"wp:term":[{"taxonomy":"category","embeddable":true,"href":"https:\/\/storytellers.se\/index.php?rest_route=%2Fwp%2Fv2%2Fcategories&post=1786"},{"taxonomy":"post_tag","embeddable":true,"href":"https:\/\/storytellers.se\/index.php?rest_route=%2Fwp%2Fv2%2Ftags&post=1786"}],"curies":[{"name":"wp","href":"https:\/\/api.w.org\/{rel}","templated":true}]}}