{"id":1784,"date":"2008-04-22T12:32:31","date_gmt":"2008-04-22T11:32:31","guid":{"rendered":"http:\/\/heijbel.wordpress.com\/2008\/04\/22\/hos-sveriges-hr-forening"},"modified":"2008-04-22T12:32:31","modified_gmt":"2008-04-22T11:32:31","slug":"hos-sveriges-hr-forening","status":"publish","type":"post","link":"https:\/\/storytellers.se\/?p=1784","title":{"rendered":"Hos Sveriges HR-f\u00f6rening"},"content":{"rendered":"<p>I dag bes\u00f6ker jag en nordisk n\u00e4tverkstr\u00e4ff hos Sveriges HR-f\u00f6rening. Det nordiska n\u00e4tverket v\u00e4nder sig till medlemmar som har personalansvar f\u00f6r de nordiska l\u00e4nderna. Jag ska bland annat tala om storytelling i rekryteringsprocessen.<\/p>\n","protected":false},"excerpt":{"rendered":"<p>I dag bes\u00f6ker jag en nordisk n\u00e4tverkstr\u00e4ff hos Sveriges HR-f\u00f6rening. Det nordiska n\u00e4tverket v\u00e4nder sig till medlemmar som har personalansvar f\u00f6r de nordiska l\u00e4nderna. Jag ska bland annat tala om storytelling i rekryteringsprocessen.<\/p>\n","protected":false},"author":2,"featured_media":0,"comment_status":"open","ping_status":"closed","sticky":false,"template":"","format":"standard","meta":[],"categories":[9],"tags":[],"_links":{"self":[{"href":"https:\/\/storytellers.se\/index.php?rest_route=\/wp\/v2\/posts\/1784"}],"collection":[{"href":"https:\/\/storytellers.se\/index.php?rest_route=\/wp\/v2\/posts"}],"about":[{"href":"https:\/\/storytellers.se\/index.php?rest_route=\/wp\/v2\/types\/post"}],"author":[{"embeddable":true,"href":"https:\/\/storytellers.se\/index.php?rest_route=\/wp\/v2\/users\/2"}],"replies":[{"embeddable":true,"href":"https:\/\/storytellers.se\/index.php?rest_route=%2Fwp%2Fv2%2Fcomments&post=1784"}],"version-history":[{"count":0,"href":"https:\/\/storytellers.se\/index.php?rest_route=\/wp\/v2\/posts\/1784\/revisions"}],"wp:attachment":[{"href":"https:\/\/storytellers.se\/index.php?rest_route=%2Fwp%2Fv2%2Fmedia&parent=1784"}],"wp:term":[{"taxonomy":"category","embeddable":true,"href":"https:\/\/storytellers.se\/index.php?rest_route=%2Fwp%2Fv2%2Fcategories&post=1784"},{"taxonomy":"post_tag","embeddable":true,"href":"https:\/\/storytellers.se\/index.php?rest_route=%2Fwp%2Fv2%2Ftags&post=1784"}],"curies":[{"name":"wp","href":"https:\/\/api.w.org\/{rel}","templated":true}]}}