{"id":1782,"date":"2008-04-18T20:36:10","date_gmt":"2008-04-18T19:36:10","guid":{"rendered":"http:\/\/heijbel.wordpress.com\/2008\/04\/18\/berattartema-hos-hjartebarnen-i-norge"},"modified":"2008-04-18T20:36:10","modified_gmt":"2008-04-18T19:36:10","slug":"berattartema-hos-hjartebarnen-i-norge","status":"publish","type":"post","link":"https:\/\/storytellers.se\/?p=1782","title":{"rendered":"Ber\u00e4ttartema hos hj\u00e4rtebarnen i Norge"},"content":{"rendered":"<p>I dag har jag som storyteller f\u00e5tt vara tillsammans med <a href=\"http:\/\/www.ffhb.no\">F\u00f6reningen f\u00f6r Hj\u00e4rtsjuka Barn<\/a>  i Norge. Jag har under min f\u00f6rel\u00e4sning och min storysk\u00f6rd bland dem visionerat om deras ber\u00e4ttarkapital, som kanske \u00e4r lika mycket v\u00e4rt som pengarna ( som f\u00f6rst\u00e5s \u00e4r n\u00f6dv\u00e4ndiga ). Och i vilket s\u00e4llskap jag var. Det var inte en power point n\u00e4r <strong>Ingebrigt Steen Jensen<\/strong> och pr\u00e4sten <strong>Per Anders Nordengen<\/strong>, och jag d\u00e5, talade om ber\u00e4ttelsens kraft&#8230;<\/p>\n<p><!--more--><br \/>\nEn mamma till ett hj\u00e4rtsjukt barn ber\u00e4ttade att de f\u00f6r ett antal \u00e5r sen skulle \u00e5ka till Liseberg och att sonen, som var hj\u00e4rtsjuk, ville g\u00f6ra allt. Kunde han det? De ringde till sjukhuset och de vetenskapliga experterna visste inte riktigt. Det fanns ingen forskning kring vad ett hj\u00e4rtsjukt barn klarar p\u00e5 Liseberg<br \/>\nPojken ville f\u00f6rst\u00e5s prova allt och det gjorde han. Efter\u00e5t kontaktade han \u00f6verl\u00e4karen och ber\u00e4ttade att: Nu finns det forskning. Det g\u00e5r att vara ett hj\u00e4rtsjukt barn fr\u00e5n Norge och g\u00f6ra allt p\u00e5 Liseberg&#8230;<\/p>\n","protected":false},"excerpt":{"rendered":"<p>I dag har jag som storyteller f\u00e5tt vara tillsammans med F\u00f6reningen f\u00f6r Hj\u00e4rtsjuka Barn i Norge. Jag har under min f\u00f6rel\u00e4sning och min storysk\u00f6rd bland dem visionerat om deras ber\u00e4ttarkapital, som kanske \u00e4r lika mycket v\u00e4rt som pengarna ( som f\u00f6rst\u00e5s \u00e4r n\u00f6dv\u00e4ndiga ). Och i vilket s\u00e4llskap jag var. Det var inte en power&#8230;<\/p>\n","protected":false},"author":2,"featured_media":0,"comment_status":"open","ping_status":"closed","sticky":false,"template":"","format":"standard","meta":[],"categories":[2],"tags":[],"_links":{"self":[{"href":"https:\/\/storytellers.se\/index.php?rest_route=\/wp\/v2\/posts\/1782"}],"collection":[{"href":"https:\/\/storytellers.se\/index.php?rest_route=\/wp\/v2\/posts"}],"about":[{"href":"https:\/\/storytellers.se\/index.php?rest_route=\/wp\/v2\/types\/post"}],"author":[{"embeddable":true,"href":"https:\/\/storytellers.se\/index.php?rest_route=\/wp\/v2\/users\/2"}],"replies":[{"embeddable":true,"href":"https:\/\/storytellers.se\/index.php?rest_route=%2Fwp%2Fv2%2Fcomments&post=1782"}],"version-history":[{"count":0,"href":"https:\/\/storytellers.se\/index.php?rest_route=\/wp\/v2\/posts\/1782\/revisions"}],"wp:attachment":[{"href":"https:\/\/storytellers.se\/index.php?rest_route=%2Fwp%2Fv2%2Fmedia&parent=1782"}],"wp:term":[{"taxonomy":"category","embeddable":true,"href":"https:\/\/storytellers.se\/index.php?rest_route=%2Fwp%2Fv2%2Fcategories&post=1782"},{"taxonomy":"post_tag","embeddable":true,"href":"https:\/\/storytellers.se\/index.php?rest_route=%2Fwp%2Fv2%2Ftags&post=1782"}],"curies":[{"name":"wp","href":"https:\/\/api.w.org\/{rel}","templated":true}]}}