{"id":1780,"date":"2008-04-17T15:44:29","date_gmt":"2008-04-17T14:44:29","guid":{"rendered":"http:\/\/heijbel.wordpress.com\/2008\/04\/17\/hjaltarna-pa-soc-i-botkyrka"},"modified":"2008-04-17T15:44:29","modified_gmt":"2008-04-17T14:44:29","slug":"hjaltarna-pa-soc-i-botkyrka","status":"publish","type":"post","link":"https:\/\/storytellers.se\/?p=1780","title":{"rendered":"Hj\u00e4ltarna p\u00e5 soc i Botkyrka"},"content":{"rendered":"<p>Jag har idag tr\u00e4ffat n\u00e5gra av hj\u00e4ltarna fr\u00e5n socialf\u00f6rvaltningen i Botkyrka. Var och en har, i en p\u00e5g\u00e5ende utbildning som jag ansvarar f\u00f6r, skrivit en story om en h\u00e4ndelse som ber\u00f6rt dem. Det kommer fram gripande bilder fr\u00e5n arbetet i en mycket speciell och kreativ kommun&#8230;<\/p>\n<p><!--more--><br \/>\nVi gick tillsammans igenom deras ber\u00e4ttelser och diskuterade dramaturgin och sanningshalten i de ber\u00e4ttelser som l\u00e4gger grunden till Botkyrka Socialstories.<br \/>\nSj\u00e4lvklart \u00e4r vi medvetna om klienternas integritet och att det finns saker som inte kan ber\u00e4ttas. Slutsatsen \u00e4r \u00e4nd\u00e5 att \u00e4ven socialtj\u00e4nstens arbete och vad som ing\u00e5r i personalens vardag d\u00e4r, kan f\u00f6rpackas i stories.<br \/>\nStora sjok av tyst kunskap visas upp i rummet. Med hj\u00e4lp av h\u00e4ndelsebaserat ber\u00e4ttande kommer bilden av Botkyrkahj\u00e4ltarna fram.<br \/>\nEn del som jobbar socialt \u00e4r ryggm\u00e4rgsm\u00e4ssigt r\u00e4dda f\u00f6r <strong>Janne Josefsson<\/strong> och hans Uppdrag Granskning eftersom de tror att de vore chansl\u00f6sa om n\u00e5got misstag skulle sp\u00e5ras.<br \/>\nMen n\u00e4r vi arbetar med detta \u00e4r det andra ing\u00e5ngar som g\u00e4ller. Man skulle kunna s\u00e4ga att vi arbetar med Uppdrag hyllning och att vi vill visa starka sidor i en organisation som har ett ofta mycket sv\u00e5rt och sammansatt uppdrag.<br \/>\nF\u00f6r visst \u00e4r det starkt att h\u00f6ra hur de envist lyckas backa upp m\u00e4nniskor som har det sv\u00e5rt och hur de tillsammans med sina klienter hittar l\u00f6sningar och nya m\u00f6jligheter.<br \/>\nGripande \u00e4r det ocks\u00e5 att h\u00f6ra att socialtj\u00e4nsten ibland \u00e4r den enda anh\u00f6rigkontakt som en avliden har och att det d\u00e4rf\u00f6r h\u00e4nder att det \u00e4r socialtj\u00e4nstpersonalen som f\u00f6ljer den d\u00f6de p\u00e5 kyrkog\u00e5rden.<\/p>\n","protected":false},"excerpt":{"rendered":"<p>Jag har idag tr\u00e4ffat n\u00e5gra av hj\u00e4ltarna fr\u00e5n socialf\u00f6rvaltningen i Botkyrka. Var och en har, i en p\u00e5g\u00e5ende utbildning som jag ansvarar f\u00f6r, skrivit en story om en h\u00e4ndelse som ber\u00f6rt dem. Det kommer fram gripande bilder fr\u00e5n arbetet i en mycket speciell och kreativ kommun&#8230;<\/p>\n","protected":false},"author":2,"featured_media":0,"comment_status":"open","ping_status":"closed","sticky":false,"template":"","format":"standard","meta":[],"categories":[2],"tags":[],"_links":{"self":[{"href":"https:\/\/storytellers.se\/index.php?rest_route=\/wp\/v2\/posts\/1780"}],"collection":[{"href":"https:\/\/storytellers.se\/index.php?rest_route=\/wp\/v2\/posts"}],"about":[{"href":"https:\/\/storytellers.se\/index.php?rest_route=\/wp\/v2\/types\/post"}],"author":[{"embeddable":true,"href":"https:\/\/storytellers.se\/index.php?rest_route=\/wp\/v2\/users\/2"}],"replies":[{"embeddable":true,"href":"https:\/\/storytellers.se\/index.php?rest_route=%2Fwp%2Fv2%2Fcomments&post=1780"}],"version-history":[{"count":0,"href":"https:\/\/storytellers.se\/index.php?rest_route=\/wp\/v2\/posts\/1780\/revisions"}],"wp:attachment":[{"href":"https:\/\/storytellers.se\/index.php?rest_route=%2Fwp%2Fv2%2Fmedia&parent=1780"}],"wp:term":[{"taxonomy":"category","embeddable":true,"href":"https:\/\/storytellers.se\/index.php?rest_route=%2Fwp%2Fv2%2Fcategories&post=1780"},{"taxonomy":"post_tag","embeddable":true,"href":"https:\/\/storytellers.se\/index.php?rest_route=%2Fwp%2Fv2%2Ftags&post=1780"}],"curies":[{"name":"wp","href":"https:\/\/api.w.org\/{rel}","templated":true}]}}