{"id":1776,"date":"2008-04-15T11:30:55","date_gmt":"2008-04-15T10:30:55","guid":{"rendered":"http:\/\/heijbel.wordpress.com\/2008\/04\/15\/duschen-i-dagens-media"},"modified":"2008-04-15T11:30:55","modified_gmt":"2008-04-15T10:30:55","slug":"duschen-i-dagens-media","status":"publish","type":"post","link":"https:\/\/storytellers.se\/?p=1776","title":{"rendered":"Duschen i Dagens Media"},"content":{"rendered":"<p><a href=\"http:\/\/www.dagensmedia.se\/mallar\/dagensmedia_mall.asp?version=159571\">Dagens Medias&lt;\/<\/a> <strong>Henrik Widell<\/strong> skrev i g\u00e5r, i n\u00e4tupplagan, om Arlanda Express storydusch som kom till f\u00f6rra \u00e5ret p\u00e5 mitt initiativ. Nu \u00e4r det flera duschar p\u00e5 g\u00e5ng och jag har i samarbete med Lexter tagit fram ett helt koncept fr\u00e5n id\u00e9diskussion, storysk\u00f6rd, teknisk l\u00f6sning, inspelning till k\u00f6rklar storydusch. B\u00e5de teknik och inneh\u00e5ll allts\u00e5.<\/p>\n","protected":false},"excerpt":{"rendered":"<p>Dagens Medias&lt;\/ Henrik Widell skrev i g\u00e5r, i n\u00e4tupplagan, om Arlanda Express storydusch som kom till f\u00f6rra \u00e5ret p\u00e5 mitt initiativ. Nu \u00e4r det flera duschar p\u00e5 g\u00e5ng och jag har i samarbete med Lexter tagit fram ett helt koncept fr\u00e5n id\u00e9diskussion, storysk\u00f6rd, teknisk l\u00f6sning, inspelning till k\u00f6rklar storydusch. B\u00e5de teknik och inneh\u00e5ll allts\u00e5.<\/p>\n","protected":false},"author":2,"featured_media":0,"comment_status":"open","ping_status":"closed","sticky":false,"template":"","format":"standard","meta":[],"categories":[3],"tags":[],"_links":{"self":[{"href":"https:\/\/storytellers.se\/index.php?rest_route=\/wp\/v2\/posts\/1776"}],"collection":[{"href":"https:\/\/storytellers.se\/index.php?rest_route=\/wp\/v2\/posts"}],"about":[{"href":"https:\/\/storytellers.se\/index.php?rest_route=\/wp\/v2\/types\/post"}],"author":[{"embeddable":true,"href":"https:\/\/storytellers.se\/index.php?rest_route=\/wp\/v2\/users\/2"}],"replies":[{"embeddable":true,"href":"https:\/\/storytellers.se\/index.php?rest_route=%2Fwp%2Fv2%2Fcomments&post=1776"}],"version-history":[{"count":0,"href":"https:\/\/storytellers.se\/index.php?rest_route=\/wp\/v2\/posts\/1776\/revisions"}],"wp:attachment":[{"href":"https:\/\/storytellers.se\/index.php?rest_route=%2Fwp%2Fv2%2Fmedia&parent=1776"}],"wp:term":[{"taxonomy":"category","embeddable":true,"href":"https:\/\/storytellers.se\/index.php?rest_route=%2Fwp%2Fv2%2Fcategories&post=1776"},{"taxonomy":"post_tag","embeddable":true,"href":"https:\/\/storytellers.se\/index.php?rest_route=%2Fwp%2Fv2%2Ftags&post=1776"}],"curies":[{"name":"wp","href":"https:\/\/api.w.org\/{rel}","templated":true}]}}