{"id":1762,"date":"2008-04-10T12:20:12","date_gmt":"2008-04-10T11:20:12","guid":{"rendered":"http:\/\/heijbel.wordpress.com\/2008\/04\/10\/clas-ohlson-chockad"},"modified":"2008-04-10T12:20:12","modified_gmt":"2008-04-10T11:20:12","slug":"clas-ohlson-chockad","status":"publish","type":"post","link":"https:\/\/storytellers.se\/?p=1762","title":{"rendered":"Clas Ohlson chockad?"},"content":{"rendered":"<p>Jag l\u00e4ste ig\u00e5r i  <a href=\"http:\/\/www.aftonbladet.se\/nyheter\/article2216883.ab\">Aftonbladet&lt;\/<\/a> att aktie\u00e4garna i <strong>Clas Ohlson<\/strong> rasar mot chefernas nya bonusprogram. Ett nytt dalauppror \u00e4r p\u00e5 g\u00e5ng. Bakgrunden \u00e4r den att&#8230;<\/p>\n<p><!--more--><br \/>\n&#8230;h\u00f6ga chefer ska skaffa sig bonusprogram och detta kommer, enligt Aftonbladets uppgifter, att beslutas i dag i <strong>World Trade Center<\/strong> i Stockholm, av alla platser med starka symbolv\u00e4rden.<br \/>\nNormalt h\u00e5lls annars alla bolagsst\u00e4mmor i distributionscentralen i Insj\u00f6n utanf\u00f6r Leksand d\u00e4r Clas Ohlson h\u00f6r hemma.<br \/>\nVid ordinarie bolagsst\u00e4mma brukar normalt alla aktie\u00e4gare f\u00e5 kallelse i brevl\u00e5dan tillsammans med \u00e5rsredovisningen. Den h\u00e4r g\u00e5ngen har f\u00f6retaget bara annonserat i viss aff\u00e4rspress. Clas Ohlson har m\u00e5nga lokala sm\u00e5 aktie\u00e4gare.<br \/>\nP\u00e5 v\u00e4g mot roffarbolag. Grundaren Clas Ohlson hade aldrig accepterat det h\u00e4r, menar aktie\u00e4gare i Dalarna till Aftonbladet.<br \/>\nHur det nu \u00e4n \u00e4r med detta s\u00e5 \u00e4r ber\u00e4ttelsen ig\u00e5ng och varum\u00e4rket p\u00e5verkas f\u00f6rst\u00e5s. Per Albin byggde folkhemmet, Kamprad m\u00f6blerade det och Clas Ohlson reparerar det, brukar det s\u00e4gas.<br \/>\nClas Ohlson \u00e4r borta sen snart 30 \u00e5r men v\u00e4nder sig, enligt dalkarlen och akitie\u00e4garen Yngve Stamn\u00e4s, i sin grav.<br \/>\nJag passerade Clas Ohlson i Sk\u00e4rholmen i dag p\u00e5 f\u00f6rmiddagen f\u00f6r att k\u00f6pa Johan Pellas bok: <strong>Clas Ohlson fr\u00e5n f\u00e4boden till b\u00f6rsen<\/strong> som brukar finnas d\u00e4r i ett st\u00e4ll. Men den var slut. Finns inte l\u00e4ngre i lager.<br \/>\nJag som tyckte det var fascinerande att de kunde s\u00e4lja den fr\u00e5n ett st\u00e4ll vid kassorna i sin aff\u00e4r. Jag har sett den d\u00e4r f\u00f6rut. Kanske den beh\u00f6ver ett nytt kapitel nu?<br \/>\nI den boken finns, hur som helst, ber\u00e4ttelser om grundaren och om kulturen som f\u00f6retaget vill ber\u00e4tta. Men storytelling har man inte alltid makten \u00f6ver och det som, enligt Aftonbladet, h\u00e4nder just idag laddar f\u00f6rmodligen det pr\u00e4ktiga varum\u00e4rket med n\u00e5got nytt.<br \/>\nSom organisation kan man sk\u00f6rda, forma och skicka sina ber\u00e4ttelser. Men det \u00e4r alltid verkligheten och omv\u00e4rldens ber\u00e4ttelser som vinner till slut.<br \/>\nClas Ohlson tog \u00f6ver sin brors cykelverkstad 1914. En \u00e4ldre kusin hade startat \u00c5hl\u00e9n &amp; Holm, dagens \u00c5hl\u00e9ns. S\u00e5 det fanns aff\u00e4rsid\u00e9er i sl\u00e4kten sen tidigare. Clas Ohlson &amp; Co blev det i Clas namnvariant n\u00e4r han upprepade kusinens aff\u00e4rsid\u00e9er.<br \/>\n84 \u00e5r gammal dog Clas 1979. F\u00f6dd p\u00e5 en f\u00e4bod i byn Skog i Dalarna. Nu finns \u00f6ver 80 Clas Ohlsonsbutiker. I Sverige, Norge och Finland. Snart ocks\u00e5 i Storbritannien.<br \/>\nI april 2008 flyttade allts\u00e5 bolagsst\u00e4mman kuppartat till World Trade Center, l\u00e5ngt fr\u00e5n grundarens Insj\u00f6n i Dalarna, och beslutade om ett incitamentsprogram f\u00f6r cheferna, enligt Aftonbladet.<br \/>\nMin Clas Ohlsonbild blev f\u00f6r\u00e4ndrad.<\/p>\n","protected":false},"excerpt":{"rendered":"<p>Jag l\u00e4ste ig\u00e5r i Aftonbladet&lt;\/ att aktie\u00e4garna i Clas Ohlson rasar mot chefernas nya bonusprogram. Ett nytt dalauppror \u00e4r p\u00e5 g\u00e5ng. Bakgrunden \u00e4r den att&#8230;<\/p>\n","protected":false},"author":2,"featured_media":0,"comment_status":"open","ping_status":"closed","sticky":false,"template":"","format":"standard","meta":[],"categories":[2],"tags":[],"_links":{"self":[{"href":"https:\/\/storytellers.se\/index.php?rest_route=\/wp\/v2\/posts\/1762"}],"collection":[{"href":"https:\/\/storytellers.se\/index.php?rest_route=\/wp\/v2\/posts"}],"about":[{"href":"https:\/\/storytellers.se\/index.php?rest_route=\/wp\/v2\/types\/post"}],"author":[{"embeddable":true,"href":"https:\/\/storytellers.se\/index.php?rest_route=\/wp\/v2\/users\/2"}],"replies":[{"embeddable":true,"href":"https:\/\/storytellers.se\/index.php?rest_route=%2Fwp%2Fv2%2Fcomments&post=1762"}],"version-history":[{"count":0,"href":"https:\/\/storytellers.se\/index.php?rest_route=\/wp\/v2\/posts\/1762\/revisions"}],"wp:attachment":[{"href":"https:\/\/storytellers.se\/index.php?rest_route=%2Fwp%2Fv2%2Fmedia&parent=1762"}],"wp:term":[{"taxonomy":"category","embeddable":true,"href":"https:\/\/storytellers.se\/index.php?rest_route=%2Fwp%2Fv2%2Fcategories&post=1762"},{"taxonomy":"post_tag","embeddable":true,"href":"https:\/\/storytellers.se\/index.php?rest_route=%2Fwp%2Fv2%2Ftags&post=1762"}],"curies":[{"name":"wp","href":"https:\/\/api.w.org\/{rel}","templated":true}]}}