{"id":1760,"date":"2008-04-09T11:04:29","date_gmt":"2008-04-09T10:04:29","guid":{"rendered":"http:\/\/heijbel.wordpress.com\/2008\/04\/09\/vilken-kraft-har-storyn"},"modified":"2008-04-09T11:04:29","modified_gmt":"2008-04-09T10:04:29","slug":"vilken-kraft-har-storyn","status":"publish","type":"post","link":"https:\/\/storytellers.se\/?p=1760","title":{"rendered":"Vilken kraft har storyn?"},"content":{"rendered":"<p><strong>Fr\u00e5ga:<\/strong><br \/>\nVilken kraft har storytelling i organisationer?<br \/>\n<strong>Svar:<\/strong><br \/>\nSom jag ser det handlar det om en av de absolut starkaste energierna som en organisation kan&#8230;<\/p>\n<p><!--more--><br \/>\n&#8230;finna, frig\u00f6ra och exploatera.<br \/>\nBer\u00e4ttelserna \u00e4r en urkraft som kan skildra organisationen. De egna ber\u00e4ttelserna som finns hos medarbetarna \u00e4r ett kapital som finns lagrat i organisationen.<br \/>\nMen lika viktiga \u00e4r f\u00f6rst\u00e5s kundernas och andra intressenters ber\u00e4ttelser som finns i omv\u00e4rlden. De \u00e4r ocks\u00e5 ett kapital som organisationen kan finna, frig\u00f6ra och exploatera.<br \/>\nAtt avst\u00e5 fr\u00e5n att f\u00f6rst\u00e5 sig p\u00e5 och anv\u00e4nda detta kapital \u00e4r rent ut sagt korkat, tycker jag som hela tiden i mina uppdrag ser denna kraft.<br \/>\nMan kan ocks\u00e5 skapa f\u00f6ruts\u00e4ttningar f\u00f6r att f\u00e5 fram ber\u00e4ttelser. Man kan regissera verkligheten och f\u00e5 fram ber\u00e4ttelser som sen kan anv\u00e4ndas i internt kulturbyggande, organisationsutveckling, rekrytering och marknadsf\u00f6ring.<br \/>\nGl\u00f6m inte att en v\u00e4l vald story kan addera v\u00e4rden till varor och tj\u00e4nster och d\u00e4rmed ocks\u00e5 motivera ett h\u00f6gre pris vilket ger en b\u00e4ttre l\u00f6nsamhet j\u00e4mf\u00f6rt med det storyl\u00f6sa erbjudandet.<\/p>\n","protected":false},"excerpt":{"rendered":"<p>Fr\u00e5ga: Vilken kraft har storytelling i organisationer? Svar: Som jag ser det handlar det om en av de absolut starkaste energierna som en organisation kan&#8230;<\/p>\n","protected":false},"author":2,"featured_media":0,"comment_status":"open","ping_status":"closed","sticky":false,"template":"","format":"standard","meta":[],"categories":[6],"tags":[],"_links":{"self":[{"href":"https:\/\/storytellers.se\/index.php?rest_route=\/wp\/v2\/posts\/1760"}],"collection":[{"href":"https:\/\/storytellers.se\/index.php?rest_route=\/wp\/v2\/posts"}],"about":[{"href":"https:\/\/storytellers.se\/index.php?rest_route=\/wp\/v2\/types\/post"}],"author":[{"embeddable":true,"href":"https:\/\/storytellers.se\/index.php?rest_route=\/wp\/v2\/users\/2"}],"replies":[{"embeddable":true,"href":"https:\/\/storytellers.se\/index.php?rest_route=%2Fwp%2Fv2%2Fcomments&post=1760"}],"version-history":[{"count":0,"href":"https:\/\/storytellers.se\/index.php?rest_route=\/wp\/v2\/posts\/1760\/revisions"}],"wp:attachment":[{"href":"https:\/\/storytellers.se\/index.php?rest_route=%2Fwp%2Fv2%2Fmedia&parent=1760"}],"wp:term":[{"taxonomy":"category","embeddable":true,"href":"https:\/\/storytellers.se\/index.php?rest_route=%2Fwp%2Fv2%2Fcategories&post=1760"},{"taxonomy":"post_tag","embeddable":true,"href":"https:\/\/storytellers.se\/index.php?rest_route=%2Fwp%2Fv2%2Ftags&post=1760"}],"curies":[{"name":"wp","href":"https:\/\/api.w.org\/{rel}","templated":true}]}}