{"id":1756,"date":"2008-04-02T14:43:43","date_gmt":"2008-04-02T13:43:43","guid":{"rendered":"http:\/\/heijbel.wordpress.com\/2008\/04\/02\/socialstories-i-botkyrka"},"modified":"2008-04-02T14:43:43","modified_gmt":"2008-04-02T13:43:43","slug":"socialstories-i-botkyrka","status":"publish","type":"post","link":"https:\/\/storytellers.se\/?p=1756","title":{"rendered":"Socialstories i Botkyrka"},"content":{"rendered":"<p>Jag arbetar under v\u00e5ren med Botkyrkas socialf\u00f6rvaltning. Jag utbildar och handleder. Vi identifierar och sk\u00f6rdar socialstories som kan anv\u00e4ndas f\u00f6r att visa nyttan med verksamheten och underl\u00e4tta rekrytering. Vi visar den speciella profil som \u00e4r typisk f\u00f6r den sociala verksamheten i Botkyrka. Vi har lagt upp&#8230;<\/p>\n<p><!--more--><br \/>\ndet s\u00e5 att jag inspirationsf\u00f6rel\u00e4ser f\u00f6r ett 20-tal medarbetare och visar dem den dramaturgiska id\u00e9n och tekniken med organisationsstories. Sen f\u00e5r de fundera n\u00e5gra veckor om sin egen vardag och erfarenhet och komma med storyf\u00f6rslag.<br \/>\nJag finns hela tiden som en resurs och bollplank p\u00e5 distans.<br \/>\nI dag tr\u00e4ffade jag halva gruppen och vi gick igenom deras sk\u00f6rd av ber\u00e4ttelser och diskuterade tillsammans vad ber\u00e4ttelserna visade och hur de skulle kunna anv\u00e4ndas.<br \/>\nDet vanligast misstaget \u00e4r att man tar med f\u00f6r mycket och \u00e4r f\u00f6r detaljerad. Jag m\u00e4ssar envist att de ska s\u00f6ka speciella h\u00e4ndelser fr\u00e5n verksamheten och visa situationer som speglar Botkyrka.<br \/>\nDet \u00e4r ett h\u00e4ndelsebaserat ber\u00e4ttande vi \u00e4r ute efter. Emotionellt snarare \u00e4n faktuellt.<br \/>\nOm man s\u00e4tter scenen tydligt och \u00e4r klar \u00f6ver vad man vill visa s\u00e5 \u00e4r det l\u00e4ttare att beskriva h\u00e4ndelsen som f\u00e5r lyssnaren \/ l\u00e4saren att k\u00e4nna och f\u00f6rst\u00e5.<br \/>\nJag \u00e4r \u00f6vertygad om att medarbetarna i Botkyrka Socialf\u00f6rvaltning kommer att f\u00e5 nytta och gl\u00e4dje av sina socialstories n\u00e4r projektet g\u00e5r i m\u00e5l till f\u00f6rsommaren.<br \/>\nD\u00e5 kommer de ocks\u00e5 att diplomeras av <strong>Storytellerakademin<\/strong> f\u00f6r sina insatser.<br \/>\nSt\u00e4rkt sj\u00e4lvk\u00e4nsla f\u00f6r medarbetarna, underl\u00e4ttande vid rekrytering, kommunikation med andra f\u00f6rvaltningar och med politiker och v\u00e4ljare. Dessutom viktiga emotionella bilder att anv\u00e4nda i m\u00f6ten med kunder och klienter.<br \/>\nEtt senare steg skulle kunna vara omv\u00e4rldsstories aprop\u00e5 Botkyrka. Men redan nu fokuseras ofta klient och omv\u00e4rld i v\u00e5ra socialstories.<br \/>\nBotkyrka p\u00e5st\u00e5r sig vara och \u00e4r faktiskt ocks\u00e5 <strong><em>L\u00e5ngt ifr\u00e5n lagom<\/em><\/strong> och ber\u00e4ttelserna \u00e4r b\u00e5de sp\u00e4nnande och gripande, det kan jag lova.<\/p>\n","protected":false},"excerpt":{"rendered":"<p>Jag arbetar under v\u00e5ren med Botkyrkas socialf\u00f6rvaltning. Jag utbildar och handleder. Vi identifierar och sk\u00f6rdar socialstories som kan anv\u00e4ndas f\u00f6r att visa nyttan med verksamheten och underl\u00e4tta rekrytering. Vi visar den speciella profil som \u00e4r typisk f\u00f6r den sociala verksamheten i Botkyrka. Vi har lagt upp&#8230;<\/p>\n","protected":false},"author":2,"featured_media":0,"comment_status":"open","ping_status":"closed","sticky":false,"template":"","format":"standard","meta":[],"categories":[2],"tags":[],"_links":{"self":[{"href":"https:\/\/storytellers.se\/index.php?rest_route=\/wp\/v2\/posts\/1756"}],"collection":[{"href":"https:\/\/storytellers.se\/index.php?rest_route=\/wp\/v2\/posts"}],"about":[{"href":"https:\/\/storytellers.se\/index.php?rest_route=\/wp\/v2\/types\/post"}],"author":[{"embeddable":true,"href":"https:\/\/storytellers.se\/index.php?rest_route=\/wp\/v2\/users\/2"}],"replies":[{"embeddable":true,"href":"https:\/\/storytellers.se\/index.php?rest_route=%2Fwp%2Fv2%2Fcomments&post=1756"}],"version-history":[{"count":0,"href":"https:\/\/storytellers.se\/index.php?rest_route=\/wp\/v2\/posts\/1756\/revisions"}],"wp:attachment":[{"href":"https:\/\/storytellers.se\/index.php?rest_route=%2Fwp%2Fv2%2Fmedia&parent=1756"}],"wp:term":[{"taxonomy":"category","embeddable":true,"href":"https:\/\/storytellers.se\/index.php?rest_route=%2Fwp%2Fv2%2Fcategories&post=1756"},{"taxonomy":"post_tag","embeddable":true,"href":"https:\/\/storytellers.se\/index.php?rest_route=%2Fwp%2Fv2%2Ftags&post=1756"}],"curies":[{"name":"wp","href":"https:\/\/api.w.org\/{rel}","templated":true}]}}