{"id":1744,"date":"2008-03-25T15:37:04","date_gmt":"2008-03-25T14:37:04","guid":{"rendered":"http:\/\/heijbel.wordpress.com\/2008\/03\/25\/arlanda-express-laddar-om"},"modified":"2008-03-25T15:37:04","modified_gmt":"2008-03-25T14:37:04","slug":"arlanda-express-laddar-om","status":"publish","type":"post","link":"https:\/\/storytellers.se\/?p=1744","title":{"rendered":"Arlanda Express laddar om"},"content":{"rendered":"<p>Jag var initiativtagare till v\u00e4rldens f\u00f6rsta <strong>storydusch<\/strong> som Arlanda Express byggde p\u00e5 Stockholms Central f\u00f6r ett \u00e5r sedan. Nu ska vi inom kort ladda om&#8230;<\/p>\n<p><!--more--><br \/>\n&#8230;specialh\u00f6gtalaren med nytt riktat storyljud. Den som har haft lust har under ett \u00e5r kunnat h\u00f6ra <strong>Arlanda-Express-Stories<\/strong> bekv\u00e4mt tillbakalutad i n\u00e5got av de tv\u00e5 urlyfta t\u00e5gs\u00e4tena.<br \/>\nJag sk\u00f6rdade fr\u00e5n b\u00f6rjan tre ber\u00e4ttelser och l\u00e4ste in dem b\u00e5de p\u00e5 svenska och engelska och l\u00e4t d\u00e4r efter <strong>Lexter<\/strong> ladda ljudduschen. D\u00e4rav ordet storydusch som allts\u00e5 betyder ljuddusch laddad med storytelling. Det \u00e4r f\u00f6r \u00f6vrigt ett nytt ord som vi p\u00e5 kul skapade inf\u00f6r ljudpremi\u00e4ren som uppm\u00e4rksammades brett i media f\u00f6rra \u00e5ret.<br \/>\nUnder det f\u00f6rsta \u00e5ret har Arlanda Express ber\u00e4ttat om sig sj\u00e4lv. Nu har vi bett kunderna, passagerarna, att bjuda p\u00e5 sina Arlanda-Express-Stories. Vi valde ut tre vinnare bland inskickade f\u00f6rslag. Alla tre fick priser. Dessa tre har jag nu f\u00f6rpackat dramaturgiskt och l\u00e4st in p\u00e5 svenska och engelska. S\u00e5 snart ska vi ladda om storyduschen i biljetthallen.<br \/>\nEn storydusch \u00e4r sympatisk i den meningen att bara den som v\u00e4ljer att g\u00e5 in i duschen kan h\u00f6ra n\u00e5got. Det \u00e4r allts\u00e5 ingen allm\u00e4n nedsmutsning av luftrummet.<br \/>\nJag arbetar nu ocks\u00e5, tillsammans med <a href=\"http:\/\/www.lexter.se\"><strong>Lexter<\/strong><\/a>, med <a href=\"http:\/\/www.sicklakopkvarter.se\"><strong>Sickla K\u00f6pkvarter<\/strong><\/a>  som snart kommer att ha sin f\u00f6rsta storydusch p\u00e5 plats. D\u00e4r kommer ber\u00e4ttelser, som adderar kulturella platsv\u00e4rden, att erbjudas den som g\u00e5r in i duschen.<br \/>\nDet blir allts\u00e5 inga rena s\u00e4ljbudskap som kommer att h\u00f6ras i storyduschen i Sickla K\u00f6pkvarter. Det blir ist\u00e4llet v\u00e4rden som \u00e4r speciella f\u00f6r just denna plats och id\u00e9er som f\u00f6rverkligats d\u00e4r f\u00f6rr och nu.<br \/>\nF\u00f6rhoppningen \u00e4r att den som kliver in i duschen ska bli intresserad budb\u00e4rare och d\u00e4rmed ladda Sickla med merv\u00e4rden ut\u00f6ver den rena konsumtionen.<br \/>\nVisste du till exempel att det finns en gruva under Sickla K\u00f6pkvarter? Inte? Lyssna d\u00e5 p\u00e5 ljudduschen n\u00e4r den laddas inom kort.<br \/>\nJag \u00e5terkommer med mer om detta i detalj l\u00e4ngre fram i v\u00e5r.<\/p>\n","protected":false},"excerpt":{"rendered":"<p>Jag var initiativtagare till v\u00e4rldens f\u00f6rsta storydusch som Arlanda Express byggde p\u00e5 Stockholms Central f\u00f6r ett \u00e5r sedan. Nu ska vi inom kort ladda om&#8230;<\/p>\n","protected":false},"author":2,"featured_media":0,"comment_status":"open","ping_status":"closed","sticky":false,"template":"","format":"standard","meta":[],"categories":[9],"tags":[],"_links":{"self":[{"href":"https:\/\/storytellers.se\/index.php?rest_route=\/wp\/v2\/posts\/1744"}],"collection":[{"href":"https:\/\/storytellers.se\/index.php?rest_route=\/wp\/v2\/posts"}],"about":[{"href":"https:\/\/storytellers.se\/index.php?rest_route=\/wp\/v2\/types\/post"}],"author":[{"embeddable":true,"href":"https:\/\/storytellers.se\/index.php?rest_route=\/wp\/v2\/users\/2"}],"replies":[{"embeddable":true,"href":"https:\/\/storytellers.se\/index.php?rest_route=%2Fwp%2Fv2%2Fcomments&post=1744"}],"version-history":[{"count":0,"href":"https:\/\/storytellers.se\/index.php?rest_route=\/wp\/v2\/posts\/1744\/revisions"}],"wp:attachment":[{"href":"https:\/\/storytellers.se\/index.php?rest_route=%2Fwp%2Fv2%2Fmedia&parent=1744"}],"wp:term":[{"taxonomy":"category","embeddable":true,"href":"https:\/\/storytellers.se\/index.php?rest_route=%2Fwp%2Fv2%2Fcategories&post=1744"},{"taxonomy":"post_tag","embeddable":true,"href":"https:\/\/storytellers.se\/index.php?rest_route=%2Fwp%2Fv2%2Ftags&post=1744"}],"curies":[{"name":"wp","href":"https:\/\/api.w.org\/{rel}","templated":true}]}}