{"id":1742,"date":"2008-03-18T16:03:30","date_gmt":"2008-03-18T15:03:30","guid":{"rendered":"http:\/\/heijbel.wordpress.com\/2008\/03\/18\/kamprad-och-ordforande-mao"},"modified":"2008-03-18T16:03:30","modified_gmt":"2008-03-18T15:03:30","slug":"kamprad-och-ordforande-mao","status":"publish","type":"post","link":"https:\/\/storytellers.se\/?p=1742","title":{"rendered":"Kamprad och Ordf\u00f6rande Mao"},"content":{"rendered":"<p>Bertil Torekull, anrik redakt\u00f6r som bland annat skrivit &#8221;<strong><em>Historien om Ikea<\/em><\/strong>&#8221;, har i en understreckare i dagens SvD skrivit en sp\u00e4nnande artikel om hur den ordblinde Kamprad, p\u00e5 dyslektikerns vis, uttrycker sig i aforsimer. Torekull konstaterar att han&#8230;<\/p>\n<p><!--more--><br \/>\n&#8230;nyligen gick igenom elva \u00e5rs intervjuer med honom (Kamprad allts\u00e5) och fann ett 70-tal s\u00e5dana aforismliknande sentenser, en \u201dMaos lilla r\u00f6da\u201d i Ikeatappning.<br \/>\nLedare av alla slag, sm\u00e5 som stora, politiska eller icke, vill g\u00e4rna formulera sin visdom innan allt \u00e4r \u00f6ver, och Ikeas grundare utg\u00f6r inget undantag, konstaterar Torekull.<br \/>\nS\u00e5 n\u00e4r Mao 1945 manar folket: \u201d<em><strong>Flit och sparsamhet b\u00f6r till\u00e4mpas som en allm\u00e4n princip<\/strong><\/em>\u201d kontrar ordf\u00f6rande Ingvar 1976 med: \u201d<em><strong>Enkelhet \u00e4r en dygd<\/strong><\/em>\u201d.<br \/>\nOch n\u00e4r Mao 1955 trumpetar: \u201d<em><strong>V\u00e4rlden g\u00e5r fram\u00e5t, framtiden \u00e4r ljus och ingen kan f\u00f6rhindra denna historiens allm\u00e4nna utvecklingsriktning<\/strong><\/em>\u201d s\u00e5 ekar det \u00e4n idag bl\u00e5gult fr\u00e5n \u00c4lmhult: \u201d<em><strong>Underbara framtid! Det mesta \u00e4r ogjort!<\/strong><\/em>\u201d<br \/>\n<a href=\"http:\/\/www.svd.se\/kulturnoje\/understrecket\/artikel_988721.svd\"><strong>H\u00e4r \u00e4r hela artikeln i SvD<\/strong><\/a>.<\/p>\n","protected":false},"excerpt":{"rendered":"<p>Bertil Torekull, anrik redakt\u00f6r som bland annat skrivit &#8221;Historien om Ikea&#8221;, har i en understreckare i dagens SvD skrivit en sp\u00e4nnande artikel om hur den ordblinde Kamprad, p\u00e5 dyslektikerns vis, uttrycker sig i aforsimer. Torekull konstaterar att han&#8230;<\/p>\n","protected":false},"author":2,"featured_media":0,"comment_status":"open","ping_status":"closed","sticky":false,"template":"","format":"standard","meta":[],"categories":[3],"tags":[],"_links":{"self":[{"href":"https:\/\/storytellers.se\/index.php?rest_route=\/wp\/v2\/posts\/1742"}],"collection":[{"href":"https:\/\/storytellers.se\/index.php?rest_route=\/wp\/v2\/posts"}],"about":[{"href":"https:\/\/storytellers.se\/index.php?rest_route=\/wp\/v2\/types\/post"}],"author":[{"embeddable":true,"href":"https:\/\/storytellers.se\/index.php?rest_route=\/wp\/v2\/users\/2"}],"replies":[{"embeddable":true,"href":"https:\/\/storytellers.se\/index.php?rest_route=%2Fwp%2Fv2%2Fcomments&post=1742"}],"version-history":[{"count":0,"href":"https:\/\/storytellers.se\/index.php?rest_route=\/wp\/v2\/posts\/1742\/revisions"}],"wp:attachment":[{"href":"https:\/\/storytellers.se\/index.php?rest_route=%2Fwp%2Fv2%2Fmedia&parent=1742"}],"wp:term":[{"taxonomy":"category","embeddable":true,"href":"https:\/\/storytellers.se\/index.php?rest_route=%2Fwp%2Fv2%2Fcategories&post=1742"},{"taxonomy":"post_tag","embeddable":true,"href":"https:\/\/storytellers.se\/index.php?rest_route=%2Fwp%2Fv2%2Ftags&post=1742"}],"curies":[{"name":"wp","href":"https:\/\/api.w.org\/{rel}","templated":true}]}}