{"id":1734,"date":"2008-03-10T17:15:00","date_gmt":"2008-03-10T16:15:00","guid":{"rendered":"http:\/\/heijbel.wordpress.com\/2008\/03\/10\/volvo-it-har-kulturchef"},"modified":"2008-03-10T17:15:00","modified_gmt":"2008-03-10T16:15:00","slug":"volvo-it-har-kulturchef","status":"publish","type":"post","link":"https:\/\/storytellers.se\/?p=1734","title":{"rendered":"Volvo IT har kulturchef"},"content":{"rendered":"<p>Jag skrev i nyhetsbrevet i f\u00f6rra veckan att n\u00e4ringslivet borde skaffa sig kulturchefer som f\u00f6rst\u00e5r och ansvarar f\u00f6r kulturkapitalet. Volvo IT har redan en, vilket flera l\u00e4sare p\u00e5pekat till mig. <strong>Tor Eneroth<\/strong> heter han. Jag har haft ett l\u00e5ngt trevligt samtal med honom och \u00e5terkommer i \u00e4mnet.<\/p>\n","protected":false},"excerpt":{"rendered":"<p>Jag skrev i nyhetsbrevet i f\u00f6rra veckan att n\u00e4ringslivet borde skaffa sig kulturchefer som f\u00f6rst\u00e5r och ansvarar f\u00f6r kulturkapitalet. Volvo IT har redan en, vilket flera l\u00e4sare p\u00e5pekat till mig. Tor Eneroth heter han. Jag har haft ett l\u00e5ngt trevligt samtal med honom och \u00e5terkommer i \u00e4mnet.<\/p>\n","protected":false},"author":2,"featured_media":0,"comment_status":"open","ping_status":"closed","sticky":false,"template":"","format":"standard","meta":[],"categories":[2],"tags":[],"_links":{"self":[{"href":"https:\/\/storytellers.se\/index.php?rest_route=\/wp\/v2\/posts\/1734"}],"collection":[{"href":"https:\/\/storytellers.se\/index.php?rest_route=\/wp\/v2\/posts"}],"about":[{"href":"https:\/\/storytellers.se\/index.php?rest_route=\/wp\/v2\/types\/post"}],"author":[{"embeddable":true,"href":"https:\/\/storytellers.se\/index.php?rest_route=\/wp\/v2\/users\/2"}],"replies":[{"embeddable":true,"href":"https:\/\/storytellers.se\/index.php?rest_route=%2Fwp%2Fv2%2Fcomments&post=1734"}],"version-history":[{"count":0,"href":"https:\/\/storytellers.se\/index.php?rest_route=\/wp\/v2\/posts\/1734\/revisions"}],"wp:attachment":[{"href":"https:\/\/storytellers.se\/index.php?rest_route=%2Fwp%2Fv2%2Fmedia&parent=1734"}],"wp:term":[{"taxonomy":"category","embeddable":true,"href":"https:\/\/storytellers.se\/index.php?rest_route=%2Fwp%2Fv2%2Fcategories&post=1734"},{"taxonomy":"post_tag","embeddable":true,"href":"https:\/\/storytellers.se\/index.php?rest_route=%2Fwp%2Fv2%2Ftags&post=1734"}],"curies":[{"name":"wp","href":"https:\/\/api.w.org\/{rel}","templated":true}]}}