{"id":1730,"date":"2008-03-05T16:41:12","date_gmt":"2008-03-05T15:41:12","guid":{"rendered":"http:\/\/heijbel.wordpress.com\/2008\/03\/05\/nyhetsbrev-31-kulturchefer-till-naringslivet"},"modified":"2008-03-05T16:41:12","modified_gmt":"2008-03-05T15:41:12","slug":"nyhetsbrev-31-kulturchefer-till-naringslivet","status":"publish","type":"post","link":"https:\/\/storytellers.se\/?p=1730","title":{"rendered":"Nyhetsbrev 31: Kulturchefer till n\u00e4ringslivet!"},"content":{"rendered":"<p>Det 31a nyhetsbrevet fr\u00e5n storytellers.se g\u00e5r ut till prenumeranterna den 6 mars. Vill du sj\u00e4lv bli prenumerant s\u00e5 skriv in dig i prenumerationsrutan en bit ned till h\u00f6ger h\u00e4r p\u00e5 storytellers.se \u00f6ppningssida eller maila <a href=\"mailto:nyhetsbrev@storytellers.se\">nyhetsbrev@storytellers.se<\/a><br \/>\nL\u00e4s brevet h\u00e4r under:<\/p>\n<p><!--more--><br \/>\nNyhetsbrev 31<br \/>\n<strong>Kulturchefer till n\u00e4ringslivet!<\/strong><br \/>\nSv\u00e5rl\u00e4st? G\u00e5 till http:\/\/storytellers.se<br \/>\nHej Storytellerv\u00e4n<br \/>\nDet h\u00e4r \u00e4r det 31a nyhetsbrevet fr\u00e5n storytellers.se. Det \u00e4r skrivet av mig, <strong>Matts Heijbel<\/strong>, kallad Mr Storyteller. Jag brinner av lust och tilltro till storytelling. Storytelling inom organisationer och kring organisationernas varor och tj\u00e4nster.<br \/>\nJag \u00e4r en erfaren f\u00f6rfattare och journalist med socialantropolgisk bakgrund och jag arbetar heltid med att utbilda och f\u00f6rel\u00e4sa i storytelling n\u00e4r jag inte \u00e4r ute och genomf\u00f6r uppdrag \u00e5t f\u00f6retag och organisationer.<br \/>\nJag sk\u00f6rdar allts\u00e5 f\u00f6retagens sanna ber\u00e4ttelser och s\u00e4tter dem i arbete f\u00f6r att verksamheterna ska kunna ladda sina varum\u00e4rken och n\u00e5 framg\u00e5ng med hj\u00e4lp av storytelling.<br \/>\nDet som beskrivs h\u00e4r i nyhetsbrevet finns i f\u00f6rdjupad form i olika texter ocks\u00e5 p\u00e5 http:\/storytellers.se<br \/>\n+++++++++++++++++++++++++++++++++++++++++++++++<br \/>\nSedan det senaste nyhetsbrevet, som kom i b\u00f6rjan av februari 2008, har jag f\u00f6rel\u00e4st bland annat p\u00e5 Bor\u00e5s H\u00f6gskola och p\u00e5 M\u00e4lardalens H\u00f6gskola. Jag har ocks\u00e5 undervisat  i Corporate Storytelling p\u00e5 NBI:s KY-utbildning Storytelling &amp; Dramaturgi i V\u00e4xj\u00f6.<br \/>\nJag tr\u00e4ffar studenter som tror mycket p\u00e5 storytellingens m\u00f6jlighet att ta sig in i f\u00f6retag och organisationer. M\u00e5nga av dem kommer s\u00e4kert att kunna arbeta med detta l\u00e4ngre fram i sina karri\u00e4rer. Det ska bli ett n\u00f6je att se den tiden n\u00e4r organisationerna h\u00e5ller sig med storyansvariga.<br \/>\n+++++++++++++++++++++++++++++++++++++++++++++++<br \/>\nVarf\u00f6r har inte Volvo Pesonvagnar en kulturchef? Eller Ica? Eller V\u00e4gverket? Eller Svenska Kyrkan?<br \/>\nKulturchefer hittar man, i huvudsak, \u00e4n s\u00e5 l\u00e4nge bara p\u00e5 kommuner och p\u00e5 dagliga tidningar. Det \u00e4r m\u00e4nniskor som arbetar med verksamheter d\u00e4r kulturen \u00e4r sj\u00e4lva produkten. De arbetar allts\u00e5 med kultur-kulturen om man s\u00e5 s\u00e4ger.<br \/>\nJag arbetar med organisationskulturen. Med f\u00f6retagens vardagskultur. Den kulturen \u00e4r precis lika fin som kultur-kulturen men det tycker exempelvis inte kulturchefen p\u00e5 Aftonbladet som jag f\u00f6rs\u00f6kt intressera f\u00f6r de h\u00e4r fr\u00e5gorna.<br \/>\n<strong>H\u00e5kan Jaensson<\/strong> \u00e4r inte intresserad av att sl\u00e4ppa in detta p\u00e5 sina kultursidor. En dag kommer f\u00f6retagskultur f\u00f6rst\u00e5s att finnas d\u00e4r men d\u00e5 m\u00e5ste man f\u00f6rst riva n\u00e5gra murar i tidigare skolade hj\u00e4rnors tankelabyrinter.<br \/>\nMitt slagord blir d\u00e4rf\u00f6r: Kulturchefer till n\u00e4ringslivet!<br \/>\nKanske jag skulle ta fram en t-shirt med det budskapet. Kanske skulle jag till och med skicka en till H\u00e5kan Jaensson. Det kunde vara sp\u00e4nnande och snyggt under kavajen. Kanske en svart med vit text.<br \/>\nJag arbetar ju med de h\u00e4r sakerna och sneglar ocks\u00e5 en del v\u00e4sterut. Kristallkulan s\u00e4ger mig att snart har vi kulturchefer i svenskt arbetsliv \u2013 \u00e4ven utanf\u00f6r kultur-kulturen allts\u00e5.<br \/>\nVi skulle ju kunna hoppas p\u00e5 n\u00e5gra tidiga bryggor redan nu. Mellan kultursidor i media och n\u00e4ringslivet. Mellan kulturinstitutioner och kommersiella f\u00f6retagskulturer. Mellan kulturf\u00f6rvaltningar och folket i kommunerna. Med mera.<br \/>\nDetta innan vi f\u00e5r l\u00e4sa om Volvos och Icas f\u00f6rsta kulturchefer.<br \/>\n+++++++++++++++++++++++++++++++++++++++++++++++<br \/>\nKonsumtionskulturerna lever f\u00f6rst\u00e5s p\u00e5 kunderna, dem vi k\u00e4nner. Ja, kund betyder just det, den vi k\u00e4nner. Det ordet kommer fr\u00e5n l\u00e5gtyskans kunde.<br \/>\nHur som helst s\u00e5 finns det sp\u00e4nnande m\u00f6jligheter f\u00f6r f\u00f6retag och organisationer att studera sina kunder nu ute p\u00e5 den sociala webben, Webb 2.0, d\u00e4r de s\u00e4tter tydliga avtryck och l\u00e4mnar fotsp\u00e5r efter sig.<br \/>\nOlika communities och bloggar \u00e4r rena rama guldgruvan f\u00f6r den som vill f\u00f6rst\u00e5 hur kunderna tycker och t\u00e4nker. De \u00e4r inte alltid s\u00e5 l\u00e4tta att styra och p\u00e5verka men de g\u00e5r att lyssna av och f\u00f6rst\u00e5.<br \/>\nVill man delta i samtalet s\u00e5 f\u00e5r man leverera och budskapet kan mycket v\u00e4l f\u00f6rpackas som storytelling. Storytelling vettigt dramaturgiskt f\u00f6rpackad kan mycket v\u00e4l p\u00e5verka bruset d\u00e4r ute.<br \/>\n+++++++++++++++++++++++++++++++++++++++++++++++<br \/>\nP\u00e5 Youtube, en del av den sociala webben, publiceras nu allt mer material som har just f\u00f6retag och organisationer som avs\u00e4ndare. <strong>Adi Dasslers<\/strong> story, allts\u00e5 storyn om grundaren av Adidas, finns som en varum\u00e4rkesbyggande reklamfilm. Den ligger f\u00f6rst\u00e5s p\u00e5 Youtube ocks\u00e5. Jag s\u00e5g i dag att \u00f6ver 30.000 m\u00e4nniskor frivilligt valt att titta p\u00e5 den d\u00e4r.<br \/>\nJag hittar ocks\u00e5, inom Storytelling in Organizations, en film med en Steve Denning-f\u00f6rel\u00e4sning. Han \u00e4r en av mina f\u00f6rebilder.<br \/>\nInom kort l\u00e4gger jag sj\u00e4lv upp n\u00e5gra korta storyf\u00f6rel\u00e4sningar p\u00e5 svenska.<br \/>\n+++++++++++++++++++++++++++++++++++++++++++++++<br \/>\nI slutet av veckan ska jag inleda en storytellerutbildning inom socialf\u00f6rvaltningen i Botkyrka kommun. Efter n\u00e5gra inspirationsf\u00f6rel\u00e4sningar f\u00e5r de sj\u00e4lva i uppdrag att leta ber\u00e4ttelser ur sina verksamheter med mig som coach p\u00e5 distans. Sen tr\u00e4ffas vi n\u00e5gra g\u00e5nger till innan de slutligen diplomeras till sommaren.<br \/>\nTanken \u00e4r att de ska synligg\u00f6ra sin kompetens, \u00f6verf\u00f6ra kunskaper och v\u00e4rderingar med hj\u00e4lp av sanna exempel fr\u00e5n verkligheten. Sist men inte minst kommer de, med storyexempel, att bli synliga f\u00f6r politiker och andra f\u00f6rvaltningar.<br \/>\n+++++++++++++++++++++++++++++++++++++++++++++++<br \/>\n3 april f\u00f6rel\u00e4ser jag p\u00e5 <strong>Easy Fairs butiksm\u00e4ssa<\/strong> i Sollentuna. Den 15 april deltar jag i <strong>Conductives seminarium Synligg\u00f6r er kulturidentitet<\/strong>. Jag kommer ocks\u00e5 att medverka i Conductives seminarium: <strong>Framg\u00e5ngsrik kompetensf\u00f6rs\u00f6rjning inom offentlig sektor<\/strong> som h\u00e5lls den 14 maj i Stockholm. Den g\u00e5ngen handlar det om rekrytering. F\u00f6r offentlig sektor kan storytelling vara ett kraftfullt verktyg vid rekrytering.<br \/>\n+++++++++++++++++++++++++++++++++++++++++++++++<br \/>\nJag som skriver det h\u00e4r nyhetsbrevet heter allts\u00e5 Matts Heijbel. Du f\u00e5r det f\u00f6r att du har bett att f\u00e5 det eller f\u00f6r att du bes\u00f6kt n\u00e5got av mina seminarier och d\u00e4r skrivit p\u00e5 en lista. Jag har inte lagt in n\u00e5gon oombedd.<br \/>\nVill du inte ha det l\u00e4ngre s\u00e5 v\u00e4nd mejlet med ett nej tack eller skriv till <a href=\"mailto:nyhetsbrev@storytellers.se\">nyhetsbrev@storytellers.se<\/a> med ett nej tack.<br \/>\nStockholm 5 mars 2007<br \/>\nH\u00e4lsningar<br \/>\nMatts Heijbel<\/p>\n","protected":false},"excerpt":{"rendered":"<p>Det 31a nyhetsbrevet fr\u00e5n storytellers.se g\u00e5r ut till prenumeranterna den 6 mars. Vill du sj\u00e4lv bli prenumerant s\u00e5 skriv in dig i prenumerationsrutan en bit ned till h\u00f6ger h\u00e4r p\u00e5 storytellers.se \u00f6ppningssida eller maila nyhetsbrev@storytellers.se L\u00e4s brevet h\u00e4r under:<\/p>\n","protected":false},"author":2,"featured_media":0,"comment_status":"open","ping_status":"closed","sticky":false,"template":"","format":"standard","meta":[],"categories":[8],"tags":[],"_links":{"self":[{"href":"https:\/\/storytellers.se\/index.php?rest_route=\/wp\/v2\/posts\/1730"}],"collection":[{"href":"https:\/\/storytellers.se\/index.php?rest_route=\/wp\/v2\/posts"}],"about":[{"href":"https:\/\/storytellers.se\/index.php?rest_route=\/wp\/v2\/types\/post"}],"author":[{"embeddable":true,"href":"https:\/\/storytellers.se\/index.php?rest_route=\/wp\/v2\/users\/2"}],"replies":[{"embeddable":true,"href":"https:\/\/storytellers.se\/index.php?rest_route=%2Fwp%2Fv2%2Fcomments&post=1730"}],"version-history":[{"count":0,"href":"https:\/\/storytellers.se\/index.php?rest_route=\/wp\/v2\/posts\/1730\/revisions"}],"wp:attachment":[{"href":"https:\/\/storytellers.se\/index.php?rest_route=%2Fwp%2Fv2%2Fmedia&parent=1730"}],"wp:term":[{"taxonomy":"category","embeddable":true,"href":"https:\/\/storytellers.se\/index.php?rest_route=%2Fwp%2Fv2%2Fcategories&post=1730"},{"taxonomy":"post_tag","embeddable":true,"href":"https:\/\/storytellers.se\/index.php?rest_route=%2Fwp%2Fv2%2Ftags&post=1730"}],"curies":[{"name":"wp","href":"https:\/\/api.w.org\/{rel}","templated":true}]}}