{"id":1728,"date":"2008-03-04T18:30:58","date_gmt":"2008-03-04T17:30:58","guid":{"rendered":"http:\/\/heijbel.wordpress.com\/2008\/03\/04\/2-dagar-i-vaxjo"},"modified":"2008-03-04T18:30:58","modified_gmt":"2008-03-04T17:30:58","slug":"2-dagar-i-vaxjo","status":"publish","type":"post","link":"https:\/\/storytellers.se\/?p=1728","title":{"rendered":"2 dagar i V\u00e4xj\u00f6"},"content":{"rendered":"<p>Jag har nu f\u00f6rel\u00e4st ett par dagar p\u00e5 Ky-utbildningen <strong>Storytelling &amp; dramaturgi<\/strong> hos Nbi i V\u00e4xj\u00f6. En utbildning som f\u00f6re m\u00e5nga andra ins\u00e5g den nya kraft som ligger lagrad i organisationsber\u00e4ttelser och det emotionella ber\u00e4ttandet. F\u00f6rra \u00e5ret var jag huvudl\u00e4rare nu k\u00f6r Nbi mer i egen regi.<\/p>\n","protected":false},"excerpt":{"rendered":"<p>Jag har nu f\u00f6rel\u00e4st ett par dagar p\u00e5 Ky-utbildningen Storytelling &amp; dramaturgi hos Nbi i V\u00e4xj\u00f6. En utbildning som f\u00f6re m\u00e5nga andra ins\u00e5g den nya kraft som ligger lagrad i organisationsber\u00e4ttelser och det emotionella ber\u00e4ttandet. F\u00f6rra \u00e5ret var jag huvudl\u00e4rare nu k\u00f6r Nbi mer i egen regi.<\/p>\n","protected":false},"author":2,"featured_media":0,"comment_status":"open","ping_status":"closed","sticky":false,"template":"","format":"standard","meta":[],"categories":[2],"tags":[],"_links":{"self":[{"href":"https:\/\/storytellers.se\/index.php?rest_route=\/wp\/v2\/posts\/1728"}],"collection":[{"href":"https:\/\/storytellers.se\/index.php?rest_route=\/wp\/v2\/posts"}],"about":[{"href":"https:\/\/storytellers.se\/index.php?rest_route=\/wp\/v2\/types\/post"}],"author":[{"embeddable":true,"href":"https:\/\/storytellers.se\/index.php?rest_route=\/wp\/v2\/users\/2"}],"replies":[{"embeddable":true,"href":"https:\/\/storytellers.se\/index.php?rest_route=%2Fwp%2Fv2%2Fcomments&post=1728"}],"version-history":[{"count":0,"href":"https:\/\/storytellers.se\/index.php?rest_route=\/wp\/v2\/posts\/1728\/revisions"}],"wp:attachment":[{"href":"https:\/\/storytellers.se\/index.php?rest_route=%2Fwp%2Fv2%2Fmedia&parent=1728"}],"wp:term":[{"taxonomy":"category","embeddable":true,"href":"https:\/\/storytellers.se\/index.php?rest_route=%2Fwp%2Fv2%2Fcategories&post=1728"},{"taxonomy":"post_tag","embeddable":true,"href":"https:\/\/storytellers.se\/index.php?rest_route=%2Fwp%2Fv2%2Ftags&post=1728"}],"curies":[{"name":"wp","href":"https:\/\/api.w.org\/{rel}","templated":true}]}}