{"id":1722,"date":"2008-02-22T15:18:49","date_gmt":"2008-02-22T14:18:49","guid":{"rendered":"http:\/\/heijbel.wordpress.com\/2008\/02\/22\/huddingestories"},"modified":"2008-02-22T15:18:49","modified_gmt":"2008-02-22T14:18:49","slug":"huddingestories","status":"publish","type":"post","link":"https:\/\/storytellers.se\/?p=1722","title":{"rendered":"Huddingestories"},"content":{"rendered":"<p>Jag har nu arbetat en tid med <strong>Huddingestories<\/strong>. Jag har s\u00f6kt, funnit och dramaturgiskt f\u00f6rpackat emotionella ber\u00e4ttelser med uppdraget att ladda Huddinges varum\u00e4rke med sanna h\u00e4ndelsebaserade bilder&#8230;<\/p>\n<p><!--more--><br \/>\nMed utg\u00e5ngspunkt fr\u00e5n de v\u00e4rden och den varum\u00e4rkesplattform som kommunen tagit fram har jag s\u00f6kt i bland folkets erfarenheter.<br \/>\nJag tycker jag ser ett <strong>Huddinge-dna<\/strong> och att man gott kan tala om ett <strong>Huddingefolk<\/strong> som k\u00e4nnetecknas av vissa drag. Huddinge \u00e4r en del av Stockholmsregionen som pr\u00e4glas av stark inflyttning och blandning. S\u00e5 har det varit i l\u00e5nga tider. Detta leder till ett f\u00f6rh\u00e5llningss\u00e4tt i Huddinge som \u00e4r intressant att studera och att ber\u00e4tta om.<br \/>\nJag tycker jag b\u00f6rjar f\u00f6rst\u00e5 vad som \u00e4r typiskt <strong>Huddingeaktigt<\/strong>.<br \/>\nFlera kommuner kontaktar mig sen en tid f\u00f6r att de \u00e4r intresserade av att ladda kommunala varum\u00e4rken med h\u00e4ndelsebaserade bilder fr\u00e5n verkligheten. Jag tror det kommer brett nu \u00f6ver hela landet i och med allt snack om place branding och annat som ing\u00e5r i dagens platscentrerade kommunikationsstrategier.<br \/>\nKanske \u00e4r dags f\u00f6r mig att skriva n\u00e5got mer sammansatt om storytelling i det kommunala varum\u00e4rkesbyggandet.<br \/>\nDet \u00e4r, hur som helst, viktigt att man ser till dagens verklighet och att man inte kl\u00e4nger sig fast vid gamla symboler eller hastigt funna v\u00e4rdeord. Man f\u00e5r konstatera hur det faktiskt \u00e4r och utg\u00e5 fr\u00e5n den analysen och beskriva situationen med f\u00f6rst\u00e5else och, varf\u00f6r inte, k\u00e4rlek.<br \/>\nDen <a href=\"http:\/\/www.sweden.se\/templates\/cs\/CommonPage____17693.aspx\">varum\u00e4rkesplattform<\/a> f\u00f6r Sverige som NSU har tagit fram \u00e4r det nog klokt att s\u00e4tta sig in i till en b\u00f6rjan. Den kan i m\u00e5nga fall fungera som ett modervarum\u00e4rke. Under det kan man sen bygga vidare, tycker jag.<\/p>\n","protected":false},"excerpt":{"rendered":"<p>Jag har nu arbetat en tid med Huddingestories. Jag har s\u00f6kt, funnit och dramaturgiskt f\u00f6rpackat emotionella ber\u00e4ttelser med uppdraget att ladda Huddinges varum\u00e4rke med sanna h\u00e4ndelsebaserade bilder&#8230;<\/p>\n","protected":false},"author":2,"featured_media":0,"comment_status":"open","ping_status":"closed","sticky":false,"template":"","format":"standard","meta":[],"categories":[2],"tags":[],"_links":{"self":[{"href":"https:\/\/storytellers.se\/index.php?rest_route=\/wp\/v2\/posts\/1722"}],"collection":[{"href":"https:\/\/storytellers.se\/index.php?rest_route=\/wp\/v2\/posts"}],"about":[{"href":"https:\/\/storytellers.se\/index.php?rest_route=\/wp\/v2\/types\/post"}],"author":[{"embeddable":true,"href":"https:\/\/storytellers.se\/index.php?rest_route=\/wp\/v2\/users\/2"}],"replies":[{"embeddable":true,"href":"https:\/\/storytellers.se\/index.php?rest_route=%2Fwp%2Fv2%2Fcomments&post=1722"}],"version-history":[{"count":0,"href":"https:\/\/storytellers.se\/index.php?rest_route=\/wp\/v2\/posts\/1722\/revisions"}],"wp:attachment":[{"href":"https:\/\/storytellers.se\/index.php?rest_route=%2Fwp%2Fv2%2Fmedia&parent=1722"}],"wp:term":[{"taxonomy":"category","embeddable":true,"href":"https:\/\/storytellers.se\/index.php?rest_route=%2Fwp%2Fv2%2Fcategories&post=1722"},{"taxonomy":"post_tag","embeddable":true,"href":"https:\/\/storytellers.se\/index.php?rest_route=%2Fwp%2Fv2%2Ftags&post=1722"}],"curies":[{"name":"wp","href":"https:\/\/api.w.org\/{rel}","templated":true}]}}