{"id":1720,"date":"2008-02-19T12:08:23","date_gmt":"2008-02-19T11:08:23","guid":{"rendered":"http:\/\/heijbel.wordpress.com\/2008\/02\/19\/sociala-webben-guldgruva-arena"},"modified":"2008-02-19T12:08:23","modified_gmt":"2008-02-19T11:08:23","slug":"sociala-webben-guldgruva-arena","status":"publish","type":"post","link":"https:\/\/storytellers.se\/?p=1720","title":{"rendered":"Sociala webben, guldgruva &amp; arena"},"content":{"rendered":"<p>I det aktuella numret av <strong>Dagens Media<\/strong>, papperstidningen, 3\/2008, finns ett stort block om den sociala webben. Jag l\u00e4ser <strong>Brit Stakston<\/strong> konstatera att \u00f6ver en miljon svenskar har registrerat sig p\u00e5 Facebook och att framf\u00f6rallt de unga har skaffat en egen, sj\u00e4lvklar megafon&#8230;<\/p>\n<p><!--more--><br \/>\n&#8230;<strong>Synn\u00f6ve Almer<\/strong> reflekterar om webbens teknikdr\u00f6m som blev social ( precis som hennes vision\u00e4ra mediel\u00e4rare sa p\u00e5 90-talet ) och hur detta har f\u00f6r\u00e4ndrat medielandskapet  till det som i dag kallas sociala media eller webb 2.0<br \/>\nAnv\u00e4ndarna, skriver Synn\u00f6ve Almer, tankar de sociala sajterna fulla med personliga godbitar f\u00f6r b\u00e5de v\u00e4nner och hugade annons\u00f6rer, Dagens Medias l\u00e4sare. Digitalt guld som det ocks\u00e5 brukar kallas.<br \/>\nBegreppet digitalt guld tillskrivs f\u00f6rresten en av cheferna p\u00e5 Fox som ins\u00e5g det kommersiella v\u00e4rdet i de fotsp\u00e5r som anv\u00e4ndarna av sociala sajter l\u00e4mnar efter sig.<br \/>\nAllt detta kr\u00e4ver sammantaget, skriver chefredakt\u00f6r <strong>Rolf van den Brink<\/strong>, att f\u00f6retagen m\u00e5ste vara beredda att axla rollen som mediadompt\u00f6rer och inte bara annons\u00f6rer.<br \/>\nSnacket p\u00e5g\u00e5r allts\u00e5 redan d\u00e4r ute. S\u00e5 det \u00e4r bara att lyssna och kliva in p\u00e5 arenan. Pressutskick till utvalda tidningar b\u00f6rjar i det h\u00e4r perspektivet klinga lite omodernt.<br \/>\nUr ett Corporate Storytelling-perspektiv handlar det, som professionell kommunikat\u00f6r eller HR-m\u00e4nniska, om att lyssna och l\u00e4ra och sk\u00f6rda fr\u00e5n det brusande samtalet d\u00e4r ute.<br \/>\nSen att reflektera \u00f6ver p\u00e5 vilket s\u00e4tt man vill och kan delta i sociala media genom att dramaturgiskt f\u00f6rpacka egna och andras budskap p\u00e5 ett l\u00e4mpligt storytelleraktigt s\u00e4tt.<\/p>\n","protected":false},"excerpt":{"rendered":"<p>I det aktuella numret av Dagens Media, papperstidningen, 3\/2008, finns ett stort block om den sociala webben. Jag l\u00e4ser Brit Stakston konstatera att \u00f6ver en miljon svenskar har registrerat sig p\u00e5 Facebook och att framf\u00f6rallt de unga har skaffat en egen, sj\u00e4lvklar megafon&#8230;<\/p>\n","protected":false},"author":2,"featured_media":0,"comment_status":"open","ping_status":"closed","sticky":false,"template":"","format":"standard","meta":[],"categories":[2],"tags":[],"_links":{"self":[{"href":"https:\/\/storytellers.se\/index.php?rest_route=\/wp\/v2\/posts\/1720"}],"collection":[{"href":"https:\/\/storytellers.se\/index.php?rest_route=\/wp\/v2\/posts"}],"about":[{"href":"https:\/\/storytellers.se\/index.php?rest_route=\/wp\/v2\/types\/post"}],"author":[{"embeddable":true,"href":"https:\/\/storytellers.se\/index.php?rest_route=\/wp\/v2\/users\/2"}],"replies":[{"embeddable":true,"href":"https:\/\/storytellers.se\/index.php?rest_route=%2Fwp%2Fv2%2Fcomments&post=1720"}],"version-history":[{"count":0,"href":"https:\/\/storytellers.se\/index.php?rest_route=\/wp\/v2\/posts\/1720\/revisions"}],"wp:attachment":[{"href":"https:\/\/storytellers.se\/index.php?rest_route=%2Fwp%2Fv2%2Fmedia&parent=1720"}],"wp:term":[{"taxonomy":"category","embeddable":true,"href":"https:\/\/storytellers.se\/index.php?rest_route=%2Fwp%2Fv2%2Fcategories&post=1720"},{"taxonomy":"post_tag","embeddable":true,"href":"https:\/\/storytellers.se\/index.php?rest_route=%2Fwp%2Fv2%2Ftags&post=1720"}],"curies":[{"name":"wp","href":"https:\/\/api.w.org\/{rel}","templated":true}]}}