{"id":1714,"date":"2008-02-14T16:33:40","date_gmt":"2008-02-14T15:33:40","guid":{"rendered":"http:\/\/heijbel.wordpress.com\/2008\/02\/14\/fler-kulturambassadorer"},"modified":"2008-02-14T16:33:40","modified_gmt":"2008-02-14T15:33:40","slug":"fler-kulturambassadorer","status":"publish","type":"post","link":"https:\/\/storytellers.se\/?p=1714","title":{"rendered":"Fler kulturambassad\u00f6rer"},"content":{"rendered":"<p>Det beh\u00f6vs fler organisationskulturambassad\u00f6rer i arbetslivet. F\u00f6r mig \u00e4r det en g\u00e5ta att det, s\u00e5 vitt jag vet, bara \u00e4r <strong>Ikea<\/strong> som har en s\u00e5dan utsedd. En kulturambassad\u00f6r kan ha&#8230;<\/p>\n<p><!--more--><br \/>\n&#8230;till uppgift att inventera, utveckla och sk\u00f6rda i kulturkapitalet.<br \/>\nHan eller hon ska f\u00f6rst\u00e5 vad f\u00f6retagskultur \u00e4r och hur man anv\u00e4nder den f\u00f6r att n\u00e5 framg\u00e5ng i verksamheten. Det inneb\u00e4r f\u00f6rst\u00e5s att kulturambassad\u00f6ren m\u00e5ste vara insatt ocks\u00e5 i tankarna kring Corporate Storytelling eller Storytelling in Organizations.<br \/>\nVad den h\u00e4r personen har f\u00f6r bakgrund \u00e4r inte helt l\u00e4tt att s\u00e4ga. Jag har sj\u00e4lv, p\u00e5 universitet och h\u00f6gskolor, varit ansvarig f\u00f6r delkurser i storytelling med fokus p\u00e5 f\u00f6retag och organisationer. D\u00e4r b\u00f6rjar vi nog se nya kompetenser steg f\u00f6r steg v\u00e4xa fram.<br \/>\nKanske \u00e4r det n\u00e5gon med HR-bakgrund eller med kommunikationsutbildning som kan vara kulturambassad\u00f6r eller kulturchef. Kanske \u00e4r det en <strong>knowledge manager<\/strong>?<br \/>\nKanske hyr man in n\u00e5gon p\u00e5 ett visst antal timmar per m\u00e5nad f\u00f6r att l\u00f6pande, p\u00e5 konsultbasis, bevaka, stimulera och s\u00e4tta fart p\u00e5 kulturkapitalet? Det skulle jag sj\u00e4lv kunna t\u00e4nka mig att g\u00f6ra, p\u00e5 uppdrag.<br \/>\nJag \u00e4r sj\u00e4lv p\u00e5 s\u00e4tt och viss en kulturarbetare. Medlem i Sveriges F\u00f6rfattarf\u00f6rbund med mera. Jag har till skillnad fr\u00e5n de flesta som kallar sig kulturarbetare hela tiden f\u00f6rs\u00f6rjt mig som egen f\u00f6retagare och som konsult \u00e5t f\u00f6retag och organisationer. Jag vet vad ut och in betyder i en sj\u00e4lvgenererad ekonomi.<br \/>\nDet inneb\u00e4r att jag f\u00f6rst\u00e5r f\u00f6retagandets villkor. Det \u00e4r en absolut f\u00f6ruts\u00e4ttning f\u00f6r att kunna agera kulturambassad\u00f6r eller kulturchef i f\u00f6retag och organisationer.<br \/>\nDet \u00e4r tyv\u00e4rr inte alltid som vanliga, s\u00e5 kallade kulturarbetare, f\u00f6rst\u00e5r det d\u00e4r. D\u00e5 blir det ibland l\u00e4tt lite l\u00f6jligt om de inte f\u00f6rst\u00e5r ekonomiska realiteter vilket jag har h\u00f6rt m\u00e5nga f\u00f6retagare sucka om efter f\u00f6rs\u00f6k att jobba med kulturarbetare.<br \/>\nHur som helst. Jag \u00e4r \u00f6vertygad om att vi kommer att f\u00e5 fler kulturchefer eller kulturambassad\u00f6rer i f\u00f6retag och organisationer. Det vore ju fullst\u00e4ndigt huvudl\u00f6st att inte ta vara p\u00e5 det stora kapital och den starka kraft som ligger nedlagd  i organisationernas kultur och folklore.<br \/>\nSen om det g\u00e5r s\u00e5 l\u00e5ngt i Sverige som hos en del amerikanska f\u00f6retag att man har <strong>shamaner<\/strong> det tror jag inte. \u00c4ven om det s\u00e4kert finns en och annan shamanistisk ledare ocks\u00e5 i Sverige.<\/p>\n","protected":false},"excerpt":{"rendered":"<p>Det beh\u00f6vs fler organisationskulturambassad\u00f6rer i arbetslivet. F\u00f6r mig \u00e4r det en g\u00e5ta att det, s\u00e5 vitt jag vet, bara \u00e4r Ikea som har en s\u00e5dan utsedd. En kulturambassad\u00f6r kan ha&#8230;<\/p>\n","protected":false},"author":2,"featured_media":0,"comment_status":"open","ping_status":"closed","sticky":false,"template":"","format":"standard","meta":[],"categories":[2],"tags":[],"_links":{"self":[{"href":"https:\/\/storytellers.se\/index.php?rest_route=\/wp\/v2\/posts\/1714"}],"collection":[{"href":"https:\/\/storytellers.se\/index.php?rest_route=\/wp\/v2\/posts"}],"about":[{"href":"https:\/\/storytellers.se\/index.php?rest_route=\/wp\/v2\/types\/post"}],"author":[{"embeddable":true,"href":"https:\/\/storytellers.se\/index.php?rest_route=\/wp\/v2\/users\/2"}],"replies":[{"embeddable":true,"href":"https:\/\/storytellers.se\/index.php?rest_route=%2Fwp%2Fv2%2Fcomments&post=1714"}],"version-history":[{"count":0,"href":"https:\/\/storytellers.se\/index.php?rest_route=\/wp\/v2\/posts\/1714\/revisions"}],"wp:attachment":[{"href":"https:\/\/storytellers.se\/index.php?rest_route=%2Fwp%2Fv2%2Fmedia&parent=1714"}],"wp:term":[{"taxonomy":"category","embeddable":true,"href":"https:\/\/storytellers.se\/index.php?rest_route=%2Fwp%2Fv2%2Fcategories&post=1714"},{"taxonomy":"post_tag","embeddable":true,"href":"https:\/\/storytellers.se\/index.php?rest_route=%2Fwp%2Fv2%2Ftags&post=1714"}],"curies":[{"name":"wp","href":"https:\/\/api.w.org\/{rel}","templated":true}]}}