{"id":1712,"date":"2008-02-13T19:21:54","date_gmt":"2008-02-13T18:21:54","guid":{"rendered":"http:\/\/heijbel.wordpress.com\/2008\/02\/13\/vi-har-gjort-det-forr"},"modified":"2008-02-13T19:21:54","modified_gmt":"2008-02-13T18:21:54","slug":"vi-har-gjort-det-forr","status":"publish","type":"post","link":"https:\/\/storytellers.se\/?p=1712","title":{"rendered":"Vi har gjort det f\u00f6rr"},"content":{"rendered":"<p><strong>Fr\u00e5ga:<\/strong><br \/>\nKan man anv\u00e4nda storytelling i f\u00f6r\u00e4ndringsprocesser?<br \/>\n<strong>Svar:<\/strong><br \/>\nJag undrar om man kan avst\u00e5 fr\u00e5n storytelling i f\u00f6r\u00e4ndringsprocesser? Visionen om framtiden \u00e4r i sj\u00e4lva verket en av de viktigaste arenorna f\u00f6r organisationsber\u00e4ttande. Det finns en rad anv\u00e4ndbara storydimensioner i de f\u00f6r\u00e4ndringsprocesser&#8230;<\/p>\n<p><!--more--><br \/>\n&#8230;som v\u00e5ra organisationer befinner sig i mest hela tiden.<br \/>\nTa till exempel tr\u00f6sten, eller det kreativa exemplet, i att <strong>Vi har gjort det f\u00f6rr<\/strong> och det gick bra. Ber\u00e4tta om den g\u00e5ngen och hur vi tog oss in i framtiden d\u00e5.<br \/>\nEller anv\u00e4nd visionsber\u00e4ttelsen f\u00f6r att g\u00f6ra framtiden synlig. Visionber\u00e4ttelsen tar ofta tidiga exempel i nuet p\u00e5 hur vi hoppas att vi ska kunna agera om eller fem \u00e5r. Den ber\u00e4ttelsen kan vi h\u00e4mta i en konkurrents verksamhet eller i tidiga tecken hos oss sj\u00e4lva:<br \/>\n&#8211; T\u00e4nk om flera kunde hantera kunderna som Cecilia, d\u00e5 blir vi oslagbara 2010!<br \/>\nVi beh\u00f6ver inte tala om framtiden i termer av att vi hoppas ha \u00f6kat marknadsandelen fr\u00e5n 23-28 procent 2010. Eller vi r\u00e4knar med att ha \u00f6kat fr\u00e5n 750 till 800 medarbetare.<br \/>\nSom storyteller kan du m\u00e5la du upp en f\u00f6rv\u00e4ntad bild av framtiden och l\u00e5ter den sen g\u00f6ra ett jobb och bidra till att g\u00f6ra framtiden synlig och d\u00e4rmed till att dra organisationen in i bilden av framtiden.<\/p>\n","protected":false},"excerpt":{"rendered":"<p>Fr\u00e5ga: Kan man anv\u00e4nda storytelling i f\u00f6r\u00e4ndringsprocesser? Svar: Jag undrar om man kan avst\u00e5 fr\u00e5n storytelling i f\u00f6r\u00e4ndringsprocesser? Visionen om framtiden \u00e4r i sj\u00e4lva verket en av de viktigaste arenorna f\u00f6r organisationsber\u00e4ttande. Det finns en rad anv\u00e4ndbara storydimensioner i de f\u00f6r\u00e4ndringsprocesser&#8230;<\/p>\n","protected":false},"author":2,"featured_media":0,"comment_status":"open","ping_status":"closed","sticky":false,"template":"","format":"standard","meta":[],"categories":[6],"tags":[],"_links":{"self":[{"href":"https:\/\/storytellers.se\/index.php?rest_route=\/wp\/v2\/posts\/1712"}],"collection":[{"href":"https:\/\/storytellers.se\/index.php?rest_route=\/wp\/v2\/posts"}],"about":[{"href":"https:\/\/storytellers.se\/index.php?rest_route=\/wp\/v2\/types\/post"}],"author":[{"embeddable":true,"href":"https:\/\/storytellers.se\/index.php?rest_route=\/wp\/v2\/users\/2"}],"replies":[{"embeddable":true,"href":"https:\/\/storytellers.se\/index.php?rest_route=%2Fwp%2Fv2%2Fcomments&post=1712"}],"version-history":[{"count":0,"href":"https:\/\/storytellers.se\/index.php?rest_route=\/wp\/v2\/posts\/1712\/revisions"}],"wp:attachment":[{"href":"https:\/\/storytellers.se\/index.php?rest_route=%2Fwp%2Fv2%2Fmedia&parent=1712"}],"wp:term":[{"taxonomy":"category","embeddable":true,"href":"https:\/\/storytellers.se\/index.php?rest_route=%2Fwp%2Fv2%2Fcategories&post=1712"},{"taxonomy":"post_tag","embeddable":true,"href":"https:\/\/storytellers.se\/index.php?rest_route=%2Fwp%2Fv2%2Ftags&post=1712"}],"curies":[{"name":"wp","href":"https:\/\/api.w.org\/{rel}","templated":true}]}}