{"id":1710,"date":"2008-02-12T18:46:09","date_gmt":"2008-02-12T17:46:09","guid":{"rendered":"http:\/\/heijbel.wordpress.com\/2008\/02\/12\/coachar-chefer"},"modified":"2008-02-12T18:46:09","modified_gmt":"2008-02-12T17:46:09","slug":"coachar-chefer","status":"publish","type":"post","link":"https:\/\/storytellers.se\/?p=1710","title":{"rendered":"Coachar chefer"},"content":{"rendered":"<p>Jag har p\u00e5 senare \u00e5r allt oftare f\u00e5tt fr\u00e5gan om jag kan coacha chefer som vill tala mer m\u00e5leriskt och emotionellt&#8230;<\/p>\n<p><!--more--><br \/>\n&#8230;de vill i storyformat relatera sig sj\u00e4lva till produkten, varan eller varum\u00e4rket som de arbetar f\u00f6r. Jag g\u00f6r det g\u00e4rna och jag tycker att det \u00e4r bra t\u00e4nkt av ledaren i organisationen att vilja leva varum\u00e4rket.<br \/>\nDet kan ju ibland tyckas som lite sl\u00f6seri med tid att en chef ska st\u00e5 och dra h\u00f6gl\u00e4sta siffror fr\u00e5n en power point-presentation som alla \u00e4nd\u00e5 kan l\u00e4sa sj\u00e4lva och som finns p\u00e5 webb eller intran\u00e4t.<br \/>\nNej fr\u00e5gan \u00e4r, vad tycker och k\u00e4nner chefen egentligen? Var finns passionen f\u00f6r uppdraget. Drivkraften? Hur blev det s\u00e5 h\u00e4r?<br \/>\nDetta talar vi om och svaren brukar kunna beskrivas i n\u00e5gra skr\u00e4ddarsydda ber\u00e4ttelser som vi utvecklar tillsammans.<\/p>\n","protected":false},"excerpt":{"rendered":"<p>Jag har p\u00e5 senare \u00e5r allt oftare f\u00e5tt fr\u00e5gan om jag kan coacha chefer som vill tala mer m\u00e5leriskt och emotionellt&#8230;<\/p>\n","protected":false},"author":2,"featured_media":0,"comment_status":"open","ping_status":"closed","sticky":false,"template":"","format":"standard","meta":[],"categories":[2],"tags":[],"_links":{"self":[{"href":"https:\/\/storytellers.se\/index.php?rest_route=\/wp\/v2\/posts\/1710"}],"collection":[{"href":"https:\/\/storytellers.se\/index.php?rest_route=\/wp\/v2\/posts"}],"about":[{"href":"https:\/\/storytellers.se\/index.php?rest_route=\/wp\/v2\/types\/post"}],"author":[{"embeddable":true,"href":"https:\/\/storytellers.se\/index.php?rest_route=\/wp\/v2\/users\/2"}],"replies":[{"embeddable":true,"href":"https:\/\/storytellers.se\/index.php?rest_route=%2Fwp%2Fv2%2Fcomments&post=1710"}],"version-history":[{"count":0,"href":"https:\/\/storytellers.se\/index.php?rest_route=\/wp\/v2\/posts\/1710\/revisions"}],"wp:attachment":[{"href":"https:\/\/storytellers.se\/index.php?rest_route=%2Fwp%2Fv2%2Fmedia&parent=1710"}],"wp:term":[{"taxonomy":"category","embeddable":true,"href":"https:\/\/storytellers.se\/index.php?rest_route=%2Fwp%2Fv2%2Fcategories&post=1710"},{"taxonomy":"post_tag","embeddable":true,"href":"https:\/\/storytellers.se\/index.php?rest_route=%2Fwp%2Fv2%2Ftags&post=1710"}],"curies":[{"name":"wp","href":"https:\/\/api.w.org\/{rel}","templated":true}]}}