{"id":1706,"date":"2008-02-12T16:29:01","date_gmt":"2008-02-12T15:29:01","guid":{"rendered":"http:\/\/heijbel.wordpress.com\/2008\/02\/12\/hos-sveriges-annonsorer"},"modified":"2008-02-12T16:29:01","modified_gmt":"2008-02-12T15:29:01","slug":"hos-sveriges-annonsorer","status":"publish","type":"post","link":"https:\/\/storytellers.se\/?p=1706","title":{"rendered":"Hos Sveriges Annons\u00f6rer"},"content":{"rendered":"<p>I dag h\u00f6ll jag det andra fullbokade frukostseminariet hos Sveriges Annons\u00f6rer. Trevliga och intresserade m\u00e4nniskor fr\u00e5n hela arbetslivet. Jag argumenterade f\u00f6r den emotionella ber\u00e4ttelsen som ett komplement till siffror, reklamsagor, prestandaredovisningar och marknadsandelsabstraktioner.<\/p>\n","protected":false},"excerpt":{"rendered":"<p>I dag h\u00f6ll jag det andra fullbokade frukostseminariet hos Sveriges Annons\u00f6rer. Trevliga och intresserade m\u00e4nniskor fr\u00e5n hela arbetslivet. Jag argumenterade f\u00f6r den emotionella ber\u00e4ttelsen som ett komplement till siffror, reklamsagor, prestandaredovisningar och marknadsandelsabstraktioner.<\/p>\n","protected":false},"author":2,"featured_media":0,"comment_status":"open","ping_status":"closed","sticky":false,"template":"","format":"standard","meta":[],"categories":[2],"tags":[],"_links":{"self":[{"href":"https:\/\/storytellers.se\/index.php?rest_route=\/wp\/v2\/posts\/1706"}],"collection":[{"href":"https:\/\/storytellers.se\/index.php?rest_route=\/wp\/v2\/posts"}],"about":[{"href":"https:\/\/storytellers.se\/index.php?rest_route=\/wp\/v2\/types\/post"}],"author":[{"embeddable":true,"href":"https:\/\/storytellers.se\/index.php?rest_route=\/wp\/v2\/users\/2"}],"replies":[{"embeddable":true,"href":"https:\/\/storytellers.se\/index.php?rest_route=%2Fwp%2Fv2%2Fcomments&post=1706"}],"version-history":[{"count":0,"href":"https:\/\/storytellers.se\/index.php?rest_route=\/wp\/v2\/posts\/1706\/revisions"}],"wp:attachment":[{"href":"https:\/\/storytellers.se\/index.php?rest_route=%2Fwp%2Fv2%2Fmedia&parent=1706"}],"wp:term":[{"taxonomy":"category","embeddable":true,"href":"https:\/\/storytellers.se\/index.php?rest_route=%2Fwp%2Fv2%2Fcategories&post=1706"},{"taxonomy":"post_tag","embeddable":true,"href":"https:\/\/storytellers.se\/index.php?rest_route=%2Fwp%2Fv2%2Ftags&post=1706"}],"curies":[{"name":"wp","href":"https:\/\/api.w.org\/{rel}","templated":true}]}}