{"id":1704,"date":"2008-02-11T19:43:40","date_gmt":"2008-02-11T18:43:40","guid":{"rendered":"http:\/\/heijbel.wordpress.com\/2008\/02\/11\/storytelling-vid-event"},"modified":"2008-02-11T19:43:40","modified_gmt":"2008-02-11T18:43:40","slug":"storytelling-vid-event","status":"publish","type":"post","link":"https:\/\/storytellers.se\/?p=1704","title":{"rendered":"Storytelling vid event"},"content":{"rendered":"<p>I dag har jag f\u00f6rel\u00e4st vid Eventutbildningen som H\u00f6gskolan i Bor\u00e5s h\u00e5ller vid Campus Varberg. Rubriken var <strong>Storytelling som Management av Event<\/strong>. F\u00f6rsta kullen, cirka 30 studenter, satsar h\u00e4r tv\u00e5 \u00e5r p\u00e5 en eventutbildning och \u00e4r klara till sommaren. Jag har sj\u00e4lv m\u00e5nga g\u00e5nger som storyteller varit del i olika eventsammanhang.<\/p>\n","protected":false},"excerpt":{"rendered":"<p>I dag har jag f\u00f6rel\u00e4st vid Eventutbildningen som H\u00f6gskolan i Bor\u00e5s h\u00e5ller vid Campus Varberg. Rubriken var Storytelling som Management av Event. F\u00f6rsta kullen, cirka 30 studenter, satsar h\u00e4r tv\u00e5 \u00e5r p\u00e5 en eventutbildning och \u00e4r klara till sommaren. Jag har sj\u00e4lv m\u00e5nga g\u00e5nger som storyteller varit del i olika eventsammanhang.<\/p>\n","protected":false},"author":2,"featured_media":0,"comment_status":"open","ping_status":"closed","sticky":false,"template":"","format":"standard","meta":[],"categories":[2],"tags":[],"_links":{"self":[{"href":"https:\/\/storytellers.se\/index.php?rest_route=\/wp\/v2\/posts\/1704"}],"collection":[{"href":"https:\/\/storytellers.se\/index.php?rest_route=\/wp\/v2\/posts"}],"about":[{"href":"https:\/\/storytellers.se\/index.php?rest_route=\/wp\/v2\/types\/post"}],"author":[{"embeddable":true,"href":"https:\/\/storytellers.se\/index.php?rest_route=\/wp\/v2\/users\/2"}],"replies":[{"embeddable":true,"href":"https:\/\/storytellers.se\/index.php?rest_route=%2Fwp%2Fv2%2Fcomments&post=1704"}],"version-history":[{"count":0,"href":"https:\/\/storytellers.se\/index.php?rest_route=\/wp\/v2\/posts\/1704\/revisions"}],"wp:attachment":[{"href":"https:\/\/storytellers.se\/index.php?rest_route=%2Fwp%2Fv2%2Fmedia&parent=1704"}],"wp:term":[{"taxonomy":"category","embeddable":true,"href":"https:\/\/storytellers.se\/index.php?rest_route=%2Fwp%2Fv2%2Fcategories&post=1704"},{"taxonomy":"post_tag","embeddable":true,"href":"https:\/\/storytellers.se\/index.php?rest_route=%2Fwp%2Fv2%2Ftags&post=1704"}],"curies":[{"name":"wp","href":"https:\/\/api.w.org\/{rel}","templated":true}]}}