{"id":1702,"date":"2008-02-06T11:02:53","date_gmt":"2008-02-06T10:02:53","guid":{"rendered":"http:\/\/heijbel.wordpress.com\/2008\/02\/06\/att-fa-in-storytelling-i-organisationen"},"modified":"2008-02-06T11:02:53","modified_gmt":"2008-02-06T10:02:53","slug":"att-fa-in-storytelling-i-organisationen","status":"publish","type":"post","link":"https:\/\/storytellers.se\/?p=1702","title":{"rendered":"Att f\u00e5 in storytelling i organisationen"},"content":{"rendered":"<p>Det handlar inte bara om att ber\u00e4tta. Hur ska man f\u00e5 ber\u00e4ttelserna att g\u00f6ra nytta, att st\u00f6dja viktiga v\u00e4rden. H\u00e4r finns tankar fr\u00e5n <strong>Lori L. Silverman<\/strong> p\u00e5 Youtube om detta:<br \/>\n[youtube http:\/\/www.youtube.com\/watch?v=5w_g3BT6890&amp;rel=1]<\/p>\n","protected":false},"excerpt":{"rendered":"<p>Det handlar inte bara om att ber\u00e4tta. Hur ska man f\u00e5 ber\u00e4ttelserna att g\u00f6ra nytta, att st\u00f6dja viktiga v\u00e4rden. H\u00e4r finns tankar fr\u00e5n Lori L. Silverman p\u00e5 Youtube om detta: [youtube http:\/\/www.youtube.com\/watch?v=5w_g3BT6890&amp;rel=1]<\/p>\n","protected":false},"author":2,"featured_media":0,"comment_status":"open","ping_status":"closed","sticky":false,"template":"","format":"standard","meta":[],"categories":[2],"tags":[],"_links":{"self":[{"href":"https:\/\/storytellers.se\/index.php?rest_route=\/wp\/v2\/posts\/1702"}],"collection":[{"href":"https:\/\/storytellers.se\/index.php?rest_route=\/wp\/v2\/posts"}],"about":[{"href":"https:\/\/storytellers.se\/index.php?rest_route=\/wp\/v2\/types\/post"}],"author":[{"embeddable":true,"href":"https:\/\/storytellers.se\/index.php?rest_route=\/wp\/v2\/users\/2"}],"replies":[{"embeddable":true,"href":"https:\/\/storytellers.se\/index.php?rest_route=%2Fwp%2Fv2%2Fcomments&post=1702"}],"version-history":[{"count":0,"href":"https:\/\/storytellers.se\/index.php?rest_route=\/wp\/v2\/posts\/1702\/revisions"}],"wp:attachment":[{"href":"https:\/\/storytellers.se\/index.php?rest_route=%2Fwp%2Fv2%2Fmedia&parent=1702"}],"wp:term":[{"taxonomy":"category","embeddable":true,"href":"https:\/\/storytellers.se\/index.php?rest_route=%2Fwp%2Fv2%2Fcategories&post=1702"},{"taxonomy":"post_tag","embeddable":true,"href":"https:\/\/storytellers.se\/index.php?rest_route=%2Fwp%2Fv2%2Ftags&post=1702"}],"curies":[{"name":"wp","href":"https:\/\/api.w.org\/{rel}","templated":true}]}}