{"id":1690,"date":"2008-01-29T16:27:13","date_gmt":"2008-01-29T15:27:13","guid":{"rendered":"http:\/\/heijbel.wordpress.com\/2008\/01\/29\/fikarastens-betydelse"},"modified":"2008-01-29T16:27:13","modified_gmt":"2008-01-29T15:27:13","slug":"fikarastens-betydelse","status":"publish","type":"post","link":"https:\/\/storytellers.se\/?p=1690","title":{"rendered":"Fikarastens betydelse"},"content":{"rendered":"<p>Ibland f\u00e5r jag fr\u00e5gan varf\u00f6r man m\u00e5ste komma underfund med och l\u00e4ra sig storytelling som teknik och v\u00e4rdet med storytelling. Det \u00e4r v\u00e4l sj\u00e4lvklart att man&#8230;<\/p>\n<p><!--more--><br \/>\n&#8230;ber\u00e4ttar f\u00f6r varandra, brukar kommentaren lyda.<br \/>\nJag brukar d\u00e5 svara att jag h\u00e5ller med. Att tala med varandra, att utbyta erfarenheter och visa vad man kan och vad man st\u00e5r f\u00f6r \u00e4r just att vara m\u00e4nniska. Det muntliga utbytet \u00e4r ett uttryck f\u00f6r m\u00e4nniskans kultur.<br \/>\nUtan ber\u00e4ttelser ingen kulturell \u00f6verlevnad. I mitt perspektiv finns en f\u00f6retagsfolklore som m\u00e5ste leva f\u00f6r att organisationen ska \u00f6verleva. Ber\u00e4ttelsern \u00e4r ett kapital.<br \/>\nMen det kom en tid, efter l\u00e5gkonjunkturen kring 1990, n\u00e4r vi slutade tala med varandra. Organisationerna plattades till och vi b\u00f6rjade ta med kaffekoppen p\u00e5 rummet f\u00f6r att hinna med det vi skulle.<br \/>\nSen kom mail och sms och vi till och med mailade inom det egna kontoret.<br \/>\nTill slut vakande vi upp med hundratusentals utbr\u00e4nda. Jag tror det finns samband.<br \/>\nS\u00e5 t\u00e4nker jag. D\u00e4rf\u00f6r m\u00e5ste vi l\u00e4ra oss det djupt m\u00e4nskliga igen. Att ber\u00e4tta i f\u00f6retag och organisationer, dagens byar. Att visa v\u00e4rderingar och \u00f6verf\u00f6ra kunskap via stories. Nu har vi till och med ett begrepp f\u00f6r detta: Corporate Storytelling.<br \/>\nNu \u00e4r det en vetenskap om att hantera det narrativa kapitalet eller business narratives. Ber\u00e4ttelserna \u00e4r ju ett kapital som vi m\u00e5ste f\u00e5 syn p\u00e5, sk\u00f6rda och s\u00e4tta i arbete.<br \/>\nD\u00e5 \u00e4r det kul att l\u00e4sa i DagensPs om f\u00f6retagsekonomen <a href=\"http:\/\/www.lu.se\/o.o.i.s?id=1383&amp;visa=pm&amp;pm_id=816\">Anna Jonsson<\/a> vid Ekonomih\u00f6gskolan i Lund som har doktorerat p\u00e5 Ikeakulturen. Jag l\u00e4ser d\u00e4r om henne och vad hon gjort. Det ber\u00e4ttas om v\u00e4rdet av <a href=\"http:\/\/www.dagensps.se\/article.aspx?articleID=36212&amp;categID=287\">fikarasterna<\/a> d\u00e4r man i Ikeakulturen utbyter erfarenheter och l\u00e4r sig av varandra.<br \/>\nDet \u00e4r alltid lika trevligt att l\u00e4sa om Ikea n\u00e4r det handlar om f\u00f6retagskultur och ber\u00e4ttande. F\u00f6r Ikea verkar det sj\u00e4lvklart att man tar vara p\u00e5 detta mjuka kapital.<br \/>\nFikarasterna \u00e4r viktiga f\u00f6r Ikeas framg\u00e5ng, konstaterar Anna Jonsson.<br \/>\nVill hon forts\u00e4tta att studera Ikea, fr\u00e5gade Sydsvenskan den 30 januari.<br \/>\nG\u00e4rna jag har blivit lite fr\u00e4lst, f\u00f6rklarar Anna Jonsson.<\/p>\n","protected":false},"excerpt":{"rendered":"<p>Ibland f\u00e5r jag fr\u00e5gan varf\u00f6r man m\u00e5ste komma underfund med och l\u00e4ra sig storytelling som teknik och v\u00e4rdet med storytelling. Det \u00e4r v\u00e4l sj\u00e4lvklart att man&#8230;<\/p>\n","protected":false},"author":2,"featured_media":0,"comment_status":"open","ping_status":"closed","sticky":false,"template":"","format":"standard","meta":[],"categories":[2],"tags":[],"_links":{"self":[{"href":"https:\/\/storytellers.se\/index.php?rest_route=\/wp\/v2\/posts\/1690"}],"collection":[{"href":"https:\/\/storytellers.se\/index.php?rest_route=\/wp\/v2\/posts"}],"about":[{"href":"https:\/\/storytellers.se\/index.php?rest_route=\/wp\/v2\/types\/post"}],"author":[{"embeddable":true,"href":"https:\/\/storytellers.se\/index.php?rest_route=\/wp\/v2\/users\/2"}],"replies":[{"embeddable":true,"href":"https:\/\/storytellers.se\/index.php?rest_route=%2Fwp%2Fv2%2Fcomments&post=1690"}],"version-history":[{"count":0,"href":"https:\/\/storytellers.se\/index.php?rest_route=\/wp\/v2\/posts\/1690\/revisions"}],"wp:attachment":[{"href":"https:\/\/storytellers.se\/index.php?rest_route=%2Fwp%2Fv2%2Fmedia&parent=1690"}],"wp:term":[{"taxonomy":"category","embeddable":true,"href":"https:\/\/storytellers.se\/index.php?rest_route=%2Fwp%2Fv2%2Fcategories&post=1690"},{"taxonomy":"post_tag","embeddable":true,"href":"https:\/\/storytellers.se\/index.php?rest_route=%2Fwp%2Fv2%2Ftags&post=1690"}],"curies":[{"name":"wp","href":"https:\/\/api.w.org\/{rel}","templated":true}]}}