{"id":1688,"date":"2008-01-29T15:12:12","date_gmt":"2008-01-29T14:12:12","guid":{"rendered":"http:\/\/heijbel.wordpress.com\/2008\/01\/29\/emotionell-kommunikation"},"modified":"2008-01-29T15:12:12","modified_gmt":"2008-01-29T14:12:12","slug":"emotionell-kommunikation","status":"publish","type":"post","link":"https:\/\/storytellers.se\/?p=1688","title":{"rendered":"Emotionell Kommunikation"},"content":{"rendered":"<p>Jag brukar s\u00e4ga att Corporate Storytelling siktar mer p\u00e5 hj\u00e4rtat \u00e4n p\u00e5 hj\u00e4rnan. Att ber\u00e4ttelsen \u00e4r mer emotionell \u00e4n faktuell i sin ambition att ber\u00f6ra och p\u00e5verka. Detta \u00e4r ofta helt&#8230;<\/p>\n<p><!--more--><br \/>\n&#8230;uppenbart n\u00e4r jag sk\u00f6rdar organisationsber\u00e4ttelser och f\u00f6rs\u00f6ker visa nyttan i en verksamhet med hj\u00e4lp av storytelling.<br \/>\nStoryn <strong><em>vill ber\u00f6ra<\/em><\/strong> och s\u00e4tta avtryck genom att v\u00e4cka mentala bilder och i b\u00e4sta fall k\u00e4nslor hos den som h\u00f6r den. Detta blir d\u00e4rf\u00f6r en strategiskt medveten dramaturgi.<br \/>\nI Sverige tillh\u00f6r vi, f\u00f6rmodligen, eliten i den internationella ligan n\u00e4r det g\u00e4ller pilar, boxar, siffror och diagram. Vi fullg\u00f6r den faktuella l\u00e4xan. Dessutom \u00e4r f\u00f6rst\u00e5s lagkraven p\u00e5 \u00e5rsber\u00e4ttelserna fr\u00e5n b\u00f6rsbolagen helt inriktade p\u00e5 det faktuella.<br \/>\nJag tror att n\u00e4r det nu kommer att handla mycket ocks\u00e5 om milj\u00f6, h\u00e5llbarhet, personalid\u00e9 och liknande s\u00e5 finns en m\u00f6jlighet att ocks\u00e5 kommunicera med emotionella bilder. Lite mera st\u00e5p\u00e4ls allts\u00e5, f\u00f6r att citera Ingemar Stenmark,<br \/>\nJag tycker f\u00f6r \u00f6vrigt att ocks\u00e5 vanliga \u00e5rsber\u00e4ttelser fr\u00e5n b\u00f6rsbolagen och andra IR- och kundkommunikationer ocks\u00e5 gott kan laddas med emotionella bilder och argument.<br \/>\nB\u00e5de och allts\u00e5. F\u00f6r siffrorna ska f\u00f6rst\u00e5s finnas d\u00e4r \u00e4ven om det ekonomistiska spr\u00e5ket inte ber\u00f6r just k\u00e4nslorna och det intuitiva mer \u00e4n m\u00f6jligen indirekt.<\/p>\n","protected":false},"excerpt":{"rendered":"<p>Jag brukar s\u00e4ga att Corporate Storytelling siktar mer p\u00e5 hj\u00e4rtat \u00e4n p\u00e5 hj\u00e4rnan. Att ber\u00e4ttelsen \u00e4r mer emotionell \u00e4n faktuell i sin ambition att ber\u00f6ra och p\u00e5verka. Detta \u00e4r ofta helt&#8230;<\/p>\n","protected":false},"author":2,"featured_media":0,"comment_status":"open","ping_status":"closed","sticky":false,"template":"","format":"standard","meta":[],"categories":[2],"tags":[],"_links":{"self":[{"href":"https:\/\/storytellers.se\/index.php?rest_route=\/wp\/v2\/posts\/1688"}],"collection":[{"href":"https:\/\/storytellers.se\/index.php?rest_route=\/wp\/v2\/posts"}],"about":[{"href":"https:\/\/storytellers.se\/index.php?rest_route=\/wp\/v2\/types\/post"}],"author":[{"embeddable":true,"href":"https:\/\/storytellers.se\/index.php?rest_route=\/wp\/v2\/users\/2"}],"replies":[{"embeddable":true,"href":"https:\/\/storytellers.se\/index.php?rest_route=%2Fwp%2Fv2%2Fcomments&post=1688"}],"version-history":[{"count":0,"href":"https:\/\/storytellers.se\/index.php?rest_route=\/wp\/v2\/posts\/1688\/revisions"}],"wp:attachment":[{"href":"https:\/\/storytellers.se\/index.php?rest_route=%2Fwp%2Fv2%2Fmedia&parent=1688"}],"wp:term":[{"taxonomy":"category","embeddable":true,"href":"https:\/\/storytellers.se\/index.php?rest_route=%2Fwp%2Fv2%2Fcategories&post=1688"},{"taxonomy":"post_tag","embeddable":true,"href":"https:\/\/storytellers.se\/index.php?rest_route=%2Fwp%2Fv2%2Ftags&post=1688"}],"curies":[{"name":"wp","href":"https:\/\/api.w.org\/{rel}","templated":true}]}}