{"id":1684,"date":"2008-01-24T19:13:03","date_gmt":"2008-01-24T18:13:03","guid":{"rendered":"http:\/\/heijbel.wordpress.com\/2008\/01\/24\/nu-kommer-det-riktade-ljudet"},"modified":"2008-01-24T19:13:03","modified_gmt":"2008-01-24T18:13:03","slug":"nu-kommer-det-riktade-ljudet","status":"publish","type":"post","link":"https:\/\/storytellers.se\/?p=1684","title":{"rendered":"Nu kommer det riktade ljudet"},"content":{"rendered":"<p>I dag deltog jag i en tr\u00e4ff om riktat ljud p\u00e5 Berns. Det var <a href=\"http:\/\/www.lexter.se\">Lexter<\/a> som h\u00f6ll i det och de n\u00e4rmare 80 personerna fick f\u00f6rutom presentation av de speciella h\u00f6gtalarna h\u00f6ra mig propagera f\u00f6r storyduschen. Vi kommer att f\u00e5 m\u00e5nga storyduschar fram\u00f6ver, jag \u00e4r \u00f6vertygad. Tekniken \u00e4r mogen s\u00e5 fyll den nu med verklighetens ber\u00e4ttelser.<\/p>\n","protected":false},"excerpt":{"rendered":"<p>I dag deltog jag i en tr\u00e4ff om riktat ljud p\u00e5 Berns. Det var Lexter som h\u00f6ll i det och de n\u00e4rmare 80 personerna fick f\u00f6rutom presentation av de speciella h\u00f6gtalarna h\u00f6ra mig propagera f\u00f6r storyduschen. Vi kommer att f\u00e5 m\u00e5nga storyduschar fram\u00f6ver, jag \u00e4r \u00f6vertygad. Tekniken \u00e4r mogen s\u00e5 fyll den nu med verklighetens&#8230;<\/p>\n","protected":false},"author":2,"featured_media":0,"comment_status":"open","ping_status":"closed","sticky":false,"template":"","format":"standard","meta":[],"categories":[2],"tags":[],"_links":{"self":[{"href":"https:\/\/storytellers.se\/index.php?rest_route=\/wp\/v2\/posts\/1684"}],"collection":[{"href":"https:\/\/storytellers.se\/index.php?rest_route=\/wp\/v2\/posts"}],"about":[{"href":"https:\/\/storytellers.se\/index.php?rest_route=\/wp\/v2\/types\/post"}],"author":[{"embeddable":true,"href":"https:\/\/storytellers.se\/index.php?rest_route=\/wp\/v2\/users\/2"}],"replies":[{"embeddable":true,"href":"https:\/\/storytellers.se\/index.php?rest_route=%2Fwp%2Fv2%2Fcomments&post=1684"}],"version-history":[{"count":0,"href":"https:\/\/storytellers.se\/index.php?rest_route=\/wp\/v2\/posts\/1684\/revisions"}],"wp:attachment":[{"href":"https:\/\/storytellers.se\/index.php?rest_route=%2Fwp%2Fv2%2Fmedia&parent=1684"}],"wp:term":[{"taxonomy":"category","embeddable":true,"href":"https:\/\/storytellers.se\/index.php?rest_route=%2Fwp%2Fv2%2Fcategories&post=1684"},{"taxonomy":"post_tag","embeddable":true,"href":"https:\/\/storytellers.se\/index.php?rest_route=%2Fwp%2Fv2%2Ftags&post=1684"}],"curies":[{"name":"wp","href":"https:\/\/api.w.org\/{rel}","templated":true}]}}