{"id":1676,"date":"2008-01-17T12:17:33","date_gmt":"2008-01-17T11:17:33","guid":{"rendered":"http:\/\/heijbel.wordpress.com\/2008\/01\/17\/fullt-igen"},"modified":"2008-01-17T12:17:33","modified_gmt":"2008-01-17T11:17:33","slug":"fullt-igen","status":"publish","type":"post","link":"https:\/\/storytellers.se\/?p=1676","title":{"rendered":"Fullt igen"},"content":{"rendered":"<p>Den 12 februari ska jag h\u00e5lla frukostf\u00f6rel\u00e4sning i Stockholm hos Sveriges Annons\u00f6rer. Det \u00e4r en \u00f6nskerepris eftersom den senaste f\u00f6rel\u00e4sningen snabbt blev fullbokad. Nu \u00e4r det fullbokat igen. S\u00e5 nog finns det intresse hos annons\u00f6rsfolket f\u00f6r \u00e4mnet Corporate Storytelling. Blir det kanske repris igen fram i v\u00e5r?<\/p>\n","protected":false},"excerpt":{"rendered":"<p>Den 12 februari ska jag h\u00e5lla frukostf\u00f6rel\u00e4sning i Stockholm hos Sveriges Annons\u00f6rer. Det \u00e4r en \u00f6nskerepris eftersom den senaste f\u00f6rel\u00e4sningen snabbt blev fullbokad. Nu \u00e4r det fullbokat igen. S\u00e5 nog finns det intresse hos annons\u00f6rsfolket f\u00f6r \u00e4mnet Corporate Storytelling. Blir det kanske repris igen fram i v\u00e5r?<\/p>\n","protected":false},"author":2,"featured_media":0,"comment_status":"open","ping_status":"closed","sticky":false,"template":"","format":"standard","meta":[],"categories":[2],"tags":[],"_links":{"self":[{"href":"https:\/\/storytellers.se\/index.php?rest_route=\/wp\/v2\/posts\/1676"}],"collection":[{"href":"https:\/\/storytellers.se\/index.php?rest_route=\/wp\/v2\/posts"}],"about":[{"href":"https:\/\/storytellers.se\/index.php?rest_route=\/wp\/v2\/types\/post"}],"author":[{"embeddable":true,"href":"https:\/\/storytellers.se\/index.php?rest_route=\/wp\/v2\/users\/2"}],"replies":[{"embeddable":true,"href":"https:\/\/storytellers.se\/index.php?rest_route=%2Fwp%2Fv2%2Fcomments&post=1676"}],"version-history":[{"count":0,"href":"https:\/\/storytellers.se\/index.php?rest_route=\/wp\/v2\/posts\/1676\/revisions"}],"wp:attachment":[{"href":"https:\/\/storytellers.se\/index.php?rest_route=%2Fwp%2Fv2%2Fmedia&parent=1676"}],"wp:term":[{"taxonomy":"category","embeddable":true,"href":"https:\/\/storytellers.se\/index.php?rest_route=%2Fwp%2Fv2%2Fcategories&post=1676"},{"taxonomy":"post_tag","embeddable":true,"href":"https:\/\/storytellers.se\/index.php?rest_route=%2Fwp%2Fv2%2Ftags&post=1676"}],"curies":[{"name":"wp","href":"https:\/\/api.w.org\/{rel}","templated":true}]}}