{"id":1674,"date":"2008-01-16T10:37:29","date_gmt":"2008-01-16T09:37:29","guid":{"rendered":"http:\/\/heijbel.wordpress.com\/2008\/01\/16\/meningen-med-storyn"},"modified":"2008-01-16T10:37:29","modified_gmt":"2008-01-16T09:37:29","slug":"meningen-med-storyn","status":"publish","type":"post","link":"https:\/\/storytellers.se\/?p=1674","title":{"rendered":"Meningen med storyn"},"content":{"rendered":"<p>Som Corporate Storyteller letar jag, p\u00e5 uppdrag av ett f\u00f6retag eller en organisation, efter sanna ber\u00e4ttelser ur organisationsverkligheten, inne eller i omv\u00e4rlden, som kan g\u00f6ra nytta och ladda varum\u00e4rket. D\u00e4rf\u00f6r handlar storytelling inte fr\u00e4mst om att informera utan snarare om att ber\u00f6ra, involvera och p\u00e5verka. Jag diskuterar&#8230;<\/p>\n<p><!--more--><br \/>\n&#8230;alltid meningen och nyttan med de ber\u00e4ttelser vi best\u00e4mmer oss f\u00f6r att anv\u00e4nda.<br \/>\nVad ska vi med den h\u00e4r till? Vilket jobb kan den h\u00e4r ber\u00e4ttelsen t\u00e4nkas g\u00f6ra? Vad hoppas vi att den som h\u00f6r ber\u00e4ttelsens ska k\u00e4nna och tycka?  Hur ska han eller hon komma ih\u00e5g ber\u00e4ttelsen och f\u00f6rhoppningsvis reagera? Kan vi f\u00e5 ber\u00e4ttelsen att spridas muntligt? Hur b\u00f6r den vara dramaturgiskt f\u00f6rpackad?<br \/>\nStoryns uppgift \u00e4r ber\u00f6ra emotionellt. Den \u00e4r d\u00e4rf\u00f6r inte byggd med h\u00e5rda fakta s\u00e5som prestanda och sifferredovisningar. Ist\u00e4llet ber\u00e4ttar den om h\u00e4ndelser och situationer som ger tips eller visar nyttan och meningen med en vara eller en tj\u00e4nst.<br \/>\nStoryn kan vara h\u00e4mtad fr\u00e5n en kund eller annan intressent eller fr\u00e5n n\u00e5gon i den inre v\u00e4rlden i form av medarbetare eller \u00e4gare. Organisationsber\u00e4ttare \u00e4r traditionsb\u00e4rare och de vet inte alltid vilket guld de b\u00e4r p\u00e5.<br \/>\nDet \u00e4r allts\u00e5 viktigt att reflektera \u00f6ver vad vi s\u00f6ker och vilken meningen med storyn ska vara.<br \/>\nDet \u00e4r en sk\u00f6n upplevelse n\u00e4r en ber\u00e4ttelse s\u00e4tts i arbete och n\u00e4r n\u00e5gon som h\u00f6r den, eller l\u00e4ser den, blir ber\u00f6rd, kanske entusiastisk och vill ber\u00e4tta en annan story med liknande emotionell inneb\u00f6rd. D\u00e5 fungerar storytelling. Ber\u00e4ttelsen fullg\u00f6r ett uppdrag.<br \/>\nDen p\u00e5verkar snacket och p\u00e5verkar v\u00e4rldsbild och t\u00e4nkande. Oftast snarare via hj\u00e4rtat \u00e4n via hj\u00e4rnan.<\/p>\n","protected":false},"excerpt":{"rendered":"<p>Som Corporate Storyteller letar jag, p\u00e5 uppdrag av ett f\u00f6retag eller en organisation, efter sanna ber\u00e4ttelser ur organisationsverkligheten, inne eller i omv\u00e4rlden, som kan g\u00f6ra nytta och ladda varum\u00e4rket. D\u00e4rf\u00f6r handlar storytelling inte fr\u00e4mst om att informera utan snarare om att ber\u00f6ra, involvera och p\u00e5verka. Jag diskuterar&#8230;<\/p>\n","protected":false},"author":2,"featured_media":0,"comment_status":"open","ping_status":"closed","sticky":false,"template":"","format":"standard","meta":[],"categories":[2],"tags":[],"_links":{"self":[{"href":"https:\/\/storytellers.se\/index.php?rest_route=\/wp\/v2\/posts\/1674"}],"collection":[{"href":"https:\/\/storytellers.se\/index.php?rest_route=\/wp\/v2\/posts"}],"about":[{"href":"https:\/\/storytellers.se\/index.php?rest_route=\/wp\/v2\/types\/post"}],"author":[{"embeddable":true,"href":"https:\/\/storytellers.se\/index.php?rest_route=\/wp\/v2\/users\/2"}],"replies":[{"embeddable":true,"href":"https:\/\/storytellers.se\/index.php?rest_route=%2Fwp%2Fv2%2Fcomments&post=1674"}],"version-history":[{"count":0,"href":"https:\/\/storytellers.se\/index.php?rest_route=\/wp\/v2\/posts\/1674\/revisions"}],"wp:attachment":[{"href":"https:\/\/storytellers.se\/index.php?rest_route=%2Fwp%2Fv2%2Fmedia&parent=1674"}],"wp:term":[{"taxonomy":"category","embeddable":true,"href":"https:\/\/storytellers.se\/index.php?rest_route=%2Fwp%2Fv2%2Fcategories&post=1674"},{"taxonomy":"post_tag","embeddable":true,"href":"https:\/\/storytellers.se\/index.php?rest_route=%2Fwp%2Fv2%2Ftags&post=1674"}],"curies":[{"name":"wp","href":"https:\/\/api.w.org\/{rel}","templated":true}]}}