{"id":1672,"date":"2008-01-15T17:06:40","date_gmt":"2008-01-15T16:06:40","guid":{"rendered":"http:\/\/heijbel.wordpress.com\/2008\/01\/15\/att-attrahera-personal"},"modified":"2008-01-15T17:06:40","modified_gmt":"2008-01-15T16:06:40","slug":"att-attrahera-personal","status":"publish","type":"post","link":"https:\/\/storytellers.se\/?p=1672","title":{"rendered":"Att attrahera personal"},"content":{"rendered":"<p>Den 15-16 april deltar jag i konferensen <em>Framg\u00e5ngsrik kompetensf\u00f6rs\u00f6rjning &#8211; attrahera och beh\u00e5ll r\u00e4tt personal<\/em>. Det \u00e4r konferensarrang\u00f6ren Conductive som h\u00e5ller i konferensen i Stockholm&#8230;<\/p>\n<p><!--more--><br \/>\nDet blir praktikfall fr\u00e5n bland andra Ikea, Oriflame, Sas Institute, V\u00e4gverket, \u00c5hl\u00e9nsgruppen, Volvo Penta och AstraZeneca.<br \/>\nJag kommer att tala om storytelling som rekryteringsst\u00f6d under rubriken <strong>Synligg\u00f6r er kulturidentitet med Storytelling.<\/strong><br \/>\nJag undervisar personalvetare vid Stockholms universitet och har m\u00e5nga g\u00e5nger upplevt den gl\u00e4dje de k\u00e4nner \u00f6ver att inse hur man kan exploatera kulturkapitalet i rekryteringen.<br \/>\nV\u00e4gverket, som allts\u00e5 ocks\u00e5 medverkar, har f\u00f6r n\u00e5got \u00e5r sedan anlitat mig f\u00f6r att sk\u00f6rda V\u00e4gverkststories, bland annat just f\u00f6r att attrahera bl a v\u00e4lutbildade kvinnor n\u00e4r man nu st\u00e5r inf\u00f6r stora personalavg\u00e5ngar d\u00e4r m\u00e5nga 55-plusingenj\u00f6rer l\u00e4mnar V\u00e4gverket.<br \/>\nVi h\u00e5ller till p\u00e5 Tysk-svenska handelskammaren och jag medverkar dag 1. L\u00e4s mer <a href=\"http:\/\/www.conductive.se\/res\/PDF\/framgangsrikkompetensforsorjning.pdf\">h\u00e4r<\/a>.<\/p>\n","protected":false},"excerpt":{"rendered":"<p>Den 15-16 april deltar jag i konferensen Framg\u00e5ngsrik kompetensf\u00f6rs\u00f6rjning &#8211; attrahera och beh\u00e5ll r\u00e4tt personal. Det \u00e4r konferensarrang\u00f6ren Conductive som h\u00e5ller i konferensen i Stockholm&#8230;<\/p>\n","protected":false},"author":2,"featured_media":0,"comment_status":"open","ping_status":"closed","sticky":false,"template":"","format":"standard","meta":[],"categories":[9],"tags":[],"_links":{"self":[{"href":"https:\/\/storytellers.se\/index.php?rest_route=\/wp\/v2\/posts\/1672"}],"collection":[{"href":"https:\/\/storytellers.se\/index.php?rest_route=\/wp\/v2\/posts"}],"about":[{"href":"https:\/\/storytellers.se\/index.php?rest_route=\/wp\/v2\/types\/post"}],"author":[{"embeddable":true,"href":"https:\/\/storytellers.se\/index.php?rest_route=\/wp\/v2\/users\/2"}],"replies":[{"embeddable":true,"href":"https:\/\/storytellers.se\/index.php?rest_route=%2Fwp%2Fv2%2Fcomments&post=1672"}],"version-history":[{"count":0,"href":"https:\/\/storytellers.se\/index.php?rest_route=\/wp\/v2\/posts\/1672\/revisions"}],"wp:attachment":[{"href":"https:\/\/storytellers.se\/index.php?rest_route=%2Fwp%2Fv2%2Fmedia&parent=1672"}],"wp:term":[{"taxonomy":"category","embeddable":true,"href":"https:\/\/storytellers.se\/index.php?rest_route=%2Fwp%2Fv2%2Fcategories&post=1672"},{"taxonomy":"post_tag","embeddable":true,"href":"https:\/\/storytellers.se\/index.php?rest_route=%2Fwp%2Fv2%2Ftags&post=1672"}],"curies":[{"name":"wp","href":"https:\/\/api.w.org\/{rel}","templated":true}]}}