{"id":1670,"date":"2008-01-14T09:32:38","date_gmt":"2008-01-14T08:32:38","guid":{"rendered":"http:\/\/heijbel.wordpress.com\/2008\/01\/14\/nagra-platser-kvar-2"},"modified":"2008-01-14T09:32:38","modified_gmt":"2008-01-14T08:32:38","slug":"nagra-platser-kvar-2","status":"publish","type":"post","link":"https:\/\/storytellers.se\/?p=1670","title":{"rendered":"N\u00e5gra platser kvar"},"content":{"rendered":"<p><a href=\"http:\/\/www.lexter.se\">Lexter<\/a>, som arbetar med riktat ljud, allts\u00e5 speciella h\u00f6gtalare som ljudduschar exakt den plats man valt har en gratisfrukost p\u00e5 Berns den 24 januari. D\u00e4r kommer jag ocks\u00e5 att tala kort om storytelling och hur man kan anv\u00e4nda h\u00f6gtalaren till just storytelling i det Lexter och jag kallar storydusch. Det finns n\u00e5gra platser kvar. Vill du komma s\u00e5 anm\u00e4l dig h\u00e4r <a href=\"mailto:storydusch@storytellers.se\">storydusch@storytellers.se<\/a><\/p>\n","protected":false},"excerpt":{"rendered":"<p>Lexter, som arbetar med riktat ljud, allts\u00e5 speciella h\u00f6gtalare som ljudduschar exakt den plats man valt har en gratisfrukost p\u00e5 Berns den 24 januari. D\u00e4r kommer jag ocks\u00e5 att tala kort om storytelling och hur man kan anv\u00e4nda h\u00f6gtalaren till just storytelling i det Lexter och jag kallar storydusch. Det finns n\u00e5gra platser kvar. Vill&#8230;<\/p>\n","protected":false},"author":2,"featured_media":0,"comment_status":"open","ping_status":"closed","sticky":false,"template":"","format":"standard","meta":[],"categories":[9],"tags":[],"_links":{"self":[{"href":"https:\/\/storytellers.se\/index.php?rest_route=\/wp\/v2\/posts\/1670"}],"collection":[{"href":"https:\/\/storytellers.se\/index.php?rest_route=\/wp\/v2\/posts"}],"about":[{"href":"https:\/\/storytellers.se\/index.php?rest_route=\/wp\/v2\/types\/post"}],"author":[{"embeddable":true,"href":"https:\/\/storytellers.se\/index.php?rest_route=\/wp\/v2\/users\/2"}],"replies":[{"embeddable":true,"href":"https:\/\/storytellers.se\/index.php?rest_route=%2Fwp%2Fv2%2Fcomments&post=1670"}],"version-history":[{"count":0,"href":"https:\/\/storytellers.se\/index.php?rest_route=\/wp\/v2\/posts\/1670\/revisions"}],"wp:attachment":[{"href":"https:\/\/storytellers.se\/index.php?rest_route=%2Fwp%2Fv2%2Fmedia&parent=1670"}],"wp:term":[{"taxonomy":"category","embeddable":true,"href":"https:\/\/storytellers.se\/index.php?rest_route=%2Fwp%2Fv2%2Fcategories&post=1670"},{"taxonomy":"post_tag","embeddable":true,"href":"https:\/\/storytellers.se\/index.php?rest_route=%2Fwp%2Fv2%2Ftags&post=1670"}],"curies":[{"name":"wp","href":"https:\/\/api.w.org\/{rel}","templated":true}]}}