{"id":1668,"date":"2008-01-12T16:39:57","date_gmt":"2008-01-12T15:39:57","guid":{"rendered":"http:\/\/heijbel.wordpress.com\/2008\/01\/12\/kultur-det-har-man"},"modified":"2008-01-12T16:39:57","modified_gmt":"2008-01-12T15:39:57","slug":"kultur-det-har-man","status":"publish","type":"post","link":"https:\/\/storytellers.se\/?p=1668","title":{"rendered":"Kultur, det har man"},"content":{"rendered":"<p>Jag har de senaste dagarna talat med <a href=\"http:\/\/www.spaven.com\/\">Patrick Spaven<\/a> och<a href=\"http:\/\/www.brandclinic.se\"> Bengt H\u00e5kansson<\/a> aprop\u00e5 varum\u00e4rket Sverige. Jag jobbar p\u00e5 uppdrag av Svenska Institutet, Bengt, som \u00e4r en av Sveriges fr\u00e4msta varum\u00e4rkesexperter, s\u00e4ger att varum\u00e4rkt g\u00f6r man inte . Man har det. Det st\u00e4mmer v\u00e4l med&#8230;<\/p>\n<p><!--more--><br \/>\n&#8230;min erfarenhet och id\u00e9 om kommunikationsverkligheten.<br \/>\nJag brukar s\u00e4ga s\u00e5 h\u00e4r: Befolka varum\u00e4rket. Verkligheten duger!<br \/>\nJag f\u00e5r ibland fr\u00e5gan om jag kan hj\u00e4lpa en organisation eller ett f\u00f6retag med att bygga deras kultur. Med storytelling.<br \/>\nHerregud! Kultur har man. Annars finns man inte. Sen \u00e4r fr\u00e5gan vad vill vi ber\u00e4tta? Vad hoppas vi att omv\u00e4rlden ska tycka?<br \/>\nMen man kan f\u00f6rst\u00e5s betrakta sin organisationskultur. Ber\u00e4tta om den och f\u00f6rs\u00f6ka att p\u00e5verka den med hj\u00e4lp av Corporate Storytelling.<br \/>\nOch domarna \u00e4r alltid i omv\u00e4rlden. Det \u00e4r de som bygger varum\u00e4rket. S\u00e5 det \u00e4r upp till bevis som g\u00e4ller.<br \/>\nBengt H\u00e5kansson s\u00e4ger att vi ska b\u00f6rja med att se vad vi faktiskt har f\u00f6r varum\u00e4rke i omv\u00e4rldens \u00f6gon.<br \/>\nSen kan vi jobba vidare.<\/p>\n","protected":false},"excerpt":{"rendered":"<p>Jag har de senaste dagarna talat med Patrick Spaven och Bengt H\u00e5kansson aprop\u00e5 varum\u00e4rket Sverige. Jag jobbar p\u00e5 uppdrag av Svenska Institutet, Bengt, som \u00e4r en av Sveriges fr\u00e4msta varum\u00e4rkesexperter, s\u00e4ger att varum\u00e4rkt g\u00f6r man inte . Man har det. Det st\u00e4mmer v\u00e4l med&#8230;<\/p>\n","protected":false},"author":2,"featured_media":0,"comment_status":"open","ping_status":"closed","sticky":false,"template":"","format":"standard","meta":[],"categories":[2],"tags":[],"_links":{"self":[{"href":"https:\/\/storytellers.se\/index.php?rest_route=\/wp\/v2\/posts\/1668"}],"collection":[{"href":"https:\/\/storytellers.se\/index.php?rest_route=\/wp\/v2\/posts"}],"about":[{"href":"https:\/\/storytellers.se\/index.php?rest_route=\/wp\/v2\/types\/post"}],"author":[{"embeddable":true,"href":"https:\/\/storytellers.se\/index.php?rest_route=\/wp\/v2\/users\/2"}],"replies":[{"embeddable":true,"href":"https:\/\/storytellers.se\/index.php?rest_route=%2Fwp%2Fv2%2Fcomments&post=1668"}],"version-history":[{"count":0,"href":"https:\/\/storytellers.se\/index.php?rest_route=\/wp\/v2\/posts\/1668\/revisions"}],"wp:attachment":[{"href":"https:\/\/storytellers.se\/index.php?rest_route=%2Fwp%2Fv2%2Fmedia&parent=1668"}],"wp:term":[{"taxonomy":"category","embeddable":true,"href":"https:\/\/storytellers.se\/index.php?rest_route=%2Fwp%2Fv2%2Fcategories&post=1668"},{"taxonomy":"post_tag","embeddable":true,"href":"https:\/\/storytellers.se\/index.php?rest_route=%2Fwp%2Fv2%2Ftags&post=1668"}],"curies":[{"name":"wp","href":"https:\/\/api.w.org\/{rel}","templated":true}]}}